{"id":11187,"date":"2026-09-03T11:32:07","date_gmt":"2026-09-03T09:32:07","guid":{"rendered":"https:\/\/www.1055.fr\/epinal\/?p=11187"},"modified":"2026-09-03T11:33:39","modified_gmt":"2026-09-03T09:33:39","slug":"oktoberfest-au-10%c2%b755-epinal-rendez-vous-les-18-et-19-septembre","status":"publish","type":"post","link":"https:\/\/www.1055.fr\/epinal\/oktoberfest-au-10%c2%b755-epinal-rendez-vous-les-18-et-19-septembre\/","title":{"rendered":"Oktoberfest au 10\u00b755 Epinal : rendez-vous les 18 et 19 septembre"},"content":{"rendered":"\n<p class=\"wp-block-paragraph\">Les 18 et 19 septembre 2026, le 10\u00b755 Epinal c\u00e9l\u00e8bre l\u2019Oktoberfest \u00e0 travers deux jours plac\u00e9es sous le signe de la convivialit\u00e9 et du partage.<\/p>\n\n\n\n<p class=\"wp-block-paragraph\">\u00c0 cette occasion, le 10\u00b755 vous invite \u00e0 d\u00e9couvrir ou red\u00e9couvrir ses bi\u00e8res artisanales, accompagn\u00e9es des incontournables de l\u2019\u00e9v\u00e9nement. Une s\u00e9lection de flammekueches sera propos\u00e9e pour partager un moment gourmand en famille, entre amis ou entre coll\u00e8gues.<\/p>\n\n\n\n<p class=\"wp-block-paragraph\">Pour vous plonger dans l\u2019ambiance d\u00e8s votre arriv\u00e9e, des bretzels \u00e0 partager seront \u00e9galement propos\u00e9s lors de votre commande.<\/p>\n\n\n\n<figure class=\"wp-block-image size-full\"><img loading=\"lazy\" decoding=\"async\" width=\"901\" height=\"161\" src=\"https:\/\/www.1055.fr\/epinal\/contenu\/uploads\/2026\/09\/1055-oktoberfest-2026-Epinal-Small-Banner-900x160-2.jpg\" alt=\"\" class=\"wp-image-11190\" srcset=\"https:\/\/www.1055.fr\/epinal\/contenu\/uploads\/2026\/09\/1055-oktoberfest-2026-Epinal-Small-Banner-900x160-2.jpg 901w, https:\/\/www.1055.fr\/epinal\/contenu\/uploads\/2026\/09\/1055-oktoberfest-2026-Epinal-Small-Banner-900x160-2-300x54.jpg 300w, https:\/\/www.1055.fr\/epinal\/contenu\/uploads\/2026\/09\/1055-oktoberfest-2026-Epinal-Small-Banner-900x160-2-767x137.jpg 767w, https:\/\/www.1055.fr\/epinal\/contenu\/uploads\/2026\/09\/1055-oktoberfest-2026-Epinal-Small-Banner-900x160-2-24x4.jpg 24w, https:\/\/www.1055.fr\/epinal\/contenu\/uploads\/2026\/09\/1055-oktoberfest-2026-Epinal-Small-Banner-900x160-2-36x6.jpg 36w, https:\/\/www.1055.fr\/epinal\/contenu\/uploads\/2026\/09\/1055-oktoberfest-2026-Epinal-Small-Banner-900x160-2-48x9.jpg 48w\" sizes=\"auto, (max-width: 767px) 89vw, (max-width: 1000px) 54vw, (max-width: 1071px) 543px, 580px\" \/><\/figure>\n\n\n\n<p class=\"has-medium-font-size wp-block-paragraph\"><strong>Oktoberfest au 10\u00b755 \u00c9pinal : bi\u00e8re, gourmandise et Bock Challenge ! \ud83c\udf7b<\/strong><\/p>\n\n\n\n<p class=\"wp-block-paragraph\">Les 18 et 19 septembre 2026, le 10\u00b755 \u00c9pinal c\u00e9l\u00e8bre l\u2019Oktoberfest avec un programme plac\u00e9 sous le signe de la convivialit\u00e9, de la gourmandise\u2026 et du d\u00e9fi !<\/p>\n\n\n\n<p class=\"wp-block-paragraph\">Pour l\u2019occasion, profitez d\u2019une s\u00e9lection de bi\u00e8res \u00e0 la pression \u00e0 d\u00e9guster entre amis ou en famille, accompagn\u00e9es de deux incontournables de l\u2019Oktoberfest : flammekueche et bretzels.<\/p>\n\n\n\n<p class=\"has-medium-font-size wp-block-paragraph\"><strong>\ud83c\udf7a Le Bock Challenge : relevez le d\u00e9fi !<\/strong><\/p>\n\n\n\n<p class=\"wp-block-paragraph\">Envie de tester votre force ? Participez au Bock Challenge du 10\u00b755 \u00c9pinal !<\/p>\n\n\n\n<p class=\"wp-block-paragraph\">Le principe est simple : portez 12 bocks d&rsquo;un coup, avec de v\u00e9ritables bocks d\u20191 litre. Un d\u00e9fi qui risque de mettre vos bras \u00e0 rude \u00e9preuve !<\/p>\n\n\n\n<p class=\"wp-block-paragraph\">Et si vous r\u00e9ussissez le challenge, une bi\u00e8re vous est offerte. Le petit plus ? Vous pourrez choisir vous-m\u00eame la bi\u00e8re que vous souhaitez d\u00e9guster.<\/p>\n\n\n\n<p class=\"has-medium-font-size wp-block-paragraph\"><strong>\ud83c\udf89 Un week-end aux couleurs de l\u2019Oktoberfest<\/strong><\/p>\n\n\n\n<p class=\"wp-block-paragraph\">Que vous veniez pour d\u00e9guster une bonne bi\u00e8re, partager une flammekueche ou relever le Bock Challenge entre amis, l\u2019Oktoberfest est l\u2019occasion parfaite de profiter d\u2019un moment convivial au 10\u00b755 \u00c9pinal.<\/p>\n\n\n\n<p class=\"wp-block-paragraph\">Rendez-vous les 18 et 19 septembre 2026 au 10\u00b755 \u00c9pinal pour c\u00e9l\u00e9brer l\u2019Oktoberfest \u00e0 notre fa\u00e7on ! \ud83c\udf7b<\/p>\n\n\n\n<h2 class=\"wp-block-heading\">\u00c0 la d\u00e9couverte de nos bi\u00e8res artisanales<\/h2>\n\n\n\n<div class=\"wp-block-buttons is-content-justification-center is-layout-flex wp-container-core-buttons-is-layout-fe48e5de wp-block-buttons-is-layout-flex\">\n<div class=\"wp-block-button\"><a class=\"wp-block-button__link has-vivid-red-background-color has-background has-text-align-center wp-element-button\" href=\"https:\/\/www.1055.fr\/epinal\/restaurant-epinal-brasserie\/bieres-artisanales\/\">D\u00e9couvrir nos bi\u00e8res<\/a><\/div>\n<\/div>\n\n\n\n<figure class=\"wp-block-image size-large\"><img loading=\"lazy\" decoding=\"async\" width=\"1024\" height=\"402\" src=\"https:\/\/www.1055.fr\/epinal\/contenu\/uploads\/2026\/09\/494e1ac2-48cc-46d1-958d-e9fe47ad27e2-1536x603-1-1024x402.png\" alt=\"\" class=\"wp-image-11191\" srcset=\"https:\/\/www.1055.fr\/epinal\/contenu\/uploads\/2026\/09\/494e1ac2-48cc-46d1-958d-e9fe47ad27e2-1536x603-1-1024x402.png 1024w, https:\/\/www.1055.fr\/epinal\/contenu\/uploads\/2026\/09\/494e1ac2-48cc-46d1-958d-e9fe47ad27e2-1536x603-1-300x118.png 300w, https:\/\/www.1055.fr\/epinal\/contenu\/uploads\/2026\/09\/494e1ac2-48cc-46d1-958d-e9fe47ad27e2-1536x603-1-767x301.png 767w, https:\/\/www.1055.fr\/epinal\/contenu\/uploads\/2026\/09\/494e1ac2-48cc-46d1-958d-e9fe47ad27e2-1536x603-1-24x9.png 24w, https:\/\/www.1055.fr\/epinal\/contenu\/uploads\/2026\/09\/494e1ac2-48cc-46d1-958d-e9fe47ad27e2-1536x603-1-36x14.png 36w, https:\/\/www.1055.fr\/epinal\/contenu\/uploads\/2026\/09\/494e1ac2-48cc-46d1-958d-e9fe47ad27e2-1536x603-1-48x19.png 48w, https:\/\/www.1055.fr\/epinal\/contenu\/uploads\/2026\/09\/494e1ac2-48cc-46d1-958d-e9fe47ad27e2-1536x603-1.png 1536w\" sizes=\"auto, (max-width: 767px) 89vw, (max-width: 1000px) 54vw, (max-width: 1071px) 543px, 580px\" \/><\/figure>\n\n\n\n<p class=\"wp-block-paragraph\">L\u2019Oktoberfest est l\u2019occasion id\u00e9ale pour d\u00e9couvrir ou red\u00e9couvrir les bi\u00e8res artisanales propos\u00e9es au 10\u00b755. Blondes, ambr\u00e9es ou aux saveurs plus originales, plusieurs r\u00e9f\u00e9rences pourront \u00eatre d\u00e9gust\u00e9es selon les \u00e9tablissements.<\/p>\n\n\n\n<p class=\"wp-block-paragraph\">Une s\u00e9lection pens\u00e9e pour accompagner votre repas et partager un moment convivial entre amis, en famille ou entre coll\u00e8gues.<\/p>\n\n\n\n<p class=\"wp-block-paragraph\">L\u2019abus d\u2019alcool est dangereux pour la sant\u00e9, \u00e0 consommer avec mod\u00e9ration.<\/p>\n\n\n\n<h2 class=\"wp-block-heading\">Bretzels et flammekueches au rendez-vous<\/h2>\n\n\n\n<p class=\"wp-block-paragraph\"><br>Pour accompagner les festivit\u00e9s, des bretzels \u00e0 partager seront offerts lors de votre commande. Une attention gourmande qui s\u2019inscrit pleinement dans l\u2019esprit de l\u2019Oktoberfest.<\/p>\n\n\n\n<p class=\"wp-block-paragraph\">Vous pourrez \u00e9galement retrouver nos flammekueches, pr\u00e9par\u00e9es pour \u00eatre d\u00e9gust\u00e9es et partag\u00e9es autour de la table. Une association incontournable pour profiter pleinement de ces deux journ\u00e9es.<\/p>\n\n\n\n<div class=\"wp-block-columns is-layout-flex wp-container-core-columns-is-layout-8f761849 wp-block-columns-is-layout-flex\">\n<div class=\"wp-block-column is-layout-flow wp-block-column-is-layout-flow\">\n<figure class=\"wp-block-image size-large\"><img loading=\"lazy\" decoding=\"async\" width=\"1024\" height=\"682\" src=\"https:\/\/www.1055.fr\/epinal\/contenu\/uploads\/2026\/09\/Flamme-1024x682.png\" alt=\"\" class=\"wp-image-11192\" srcset=\"https:\/\/www.1055.fr\/epinal\/contenu\/uploads\/2026\/09\/Flamme-1024x682.png 1024w, https:\/\/www.1055.fr\/epinal\/contenu\/uploads\/2026\/09\/Flamme-300x200.png 300w, https:\/\/www.1055.fr\/epinal\/contenu\/uploads\/2026\/09\/Flamme-768x511.png 768w, https:\/\/www.1055.fr\/epinal\/contenu\/uploads\/2026\/09\/Flamme-24x16.png 24w, https:\/\/www.1055.fr\/epinal\/contenu\/uploads\/2026\/09\/Flamme-36x24.png 36w, https:\/\/www.1055.fr\/epinal\/contenu\/uploads\/2026\/09\/Flamme-48x32.png 48w, https:\/\/www.1055.fr\/epinal\/contenu\/uploads\/2026\/09\/Flamme.png 1537w\" sizes=\"auto, (max-width: 767px) 89vw, (max-width: 1000px) 54vw, (max-width: 1071px) 543px, 580px\" \/><\/figure>\n<\/div>\n\n\n\n<div class=\"wp-block-column is-layout-flow wp-block-column-is-layout-flow\">\n<figure class=\"wp-block-image size-large\"><img loading=\"lazy\" decoding=\"async\" width=\"1024\" height=\"683\" src=\"https:\/\/www.1055.fr\/epinal\/contenu\/uploads\/2026\/09\/bretzel-1024x683.jpg\" alt=\"\" class=\"wp-image-11193\" srcset=\"https:\/\/www.1055.fr\/epinal\/contenu\/uploads\/2026\/09\/bretzel-1024x683.jpg 1024w, https:\/\/www.1055.fr\/epinal\/contenu\/uploads\/2026\/09\/bretzel-300x200.jpg 300w, https:\/\/www.1055.fr\/epinal\/contenu\/uploads\/2026\/09\/bretzel-768x512.jpg 768w, https:\/\/www.1055.fr\/epinal\/contenu\/uploads\/2026\/09\/bretzel-24x16.jpg 24w, https:\/\/www.1055.fr\/epinal\/contenu\/uploads\/2026\/09\/bretzel-36x24.jpg 36w, https:\/\/www.1055.fr\/epinal\/contenu\/uploads\/2026\/09\/bretzel-48x32.jpg 48w, https:\/\/www.1055.fr\/epinal\/contenu\/uploads\/2026\/09\/bretzel.jpg 1536w\" sizes=\"auto, (max-width: 767px) 89vw, (max-width: 1000px) 54vw, (max-width: 1071px) 543px, 580px\" \/><\/figure>\n<\/div>\n<\/div>\n\n\n\n<div class=\"wp-block-buttons is-content-justification-center is-layout-flex wp-container-core-buttons-is-layout-fe48e5de wp-block-buttons-is-layout-flex\">\n<div class=\"wp-block-button\"><a class=\"wp-block-button__link has-vivid-red-background-color has-background has-text-align-center wp-element-button\" href=\"https:\/\/www.labrasserie-1055.fr\/reservation-table-restaurant\/epinal\/\">Je r\u00e9serve ma table !<\/a><\/div>\n<\/div>\n\n\n\n<h2 class=\"wp-block-heading\">Rendez-vous les 18 et 19 septembre au 10\u00b755 Epinal<\/h2>\n\n\n\n<p class=\"wp-block-paragraph\">Que vous souhaitiez d\u00e9couvrir de nouvelles bi\u00e8res artisanales, gagner le bock challenge, partager une flammekueche ou simplement profiter d\u2019un moment convivial, rendez-vous les 18 et 19 septembre 2026 dans votre 10\u00b755 pour c\u00e9l\u00e9brer l\u2019Oktoberfest.<\/p>\n\n\n\n<p class=\"wp-block-paragraph\"><\/p>\n","protected":false},"excerpt":{"rendered":"<p>Les 18 et 19 septembre 2026, le 10\u00b755 Epinal c\u00e9l\u00e8bre l\u2019Oktoberfest \u00e0 travers deux jours plac\u00e9es sous le signe de &hellip;<\/p>\n","protected":false},"author":12,"featured_media":11196,"comment_status":"closed","ping_status":"closed","sticky":false,"template":"","format":"standard","meta":{"_acf_changed":false,"footnotes":""},"categories":[1],"tags":[],"class_list":["post-11187","post","type-post","status-publish","format-standard","has-post-thumbnail","hentry","category-actualites"],"acf":[],"yoast_head":"<!-- This site is optimized with the Yoast SEO plugin v25.9 - https:\/\/yoast.com\/wordpress\/plugins\/seo\/ -->\n<title>Oktoberfest au 10\u00b755 Epinal : rendez-vous les 18 et 19 septembre<\/title>\n<meta name=\"robots\" content=\"index, follow, max-snippet:-1, max-image-preview:large, max-video-preview:-1\" \/>\n<link rel=\"canonical\" href=\"https:\/\/www.1055.fr\/epinal\/oktoberfest-au-10\u00b755-epinal-rendez-vous-les-18-et-19-septembre\/\" \/>\n<meta property=\"og:locale\" content=\"fr_FR\" \/>\n<meta property=\"og:type\" content=\"article\" \/>\n<meta property=\"og:title\" content=\"Oktoberfest au 10\u00b755 Epinal : rendez-vous les 18 et 19 septembre\" \/>\n<meta property=\"og:description\" content=\"Les 18 et 19 septembre 2026, le 10\u00b755 Epinal c\u00e9l\u00e8bre l\u2019Oktoberfest \u00e0 travers deux jours plac\u00e9es sous le signe de &hellip;\" \/>\n<meta property=\"og:url\" content=\"https:\/\/www.1055.fr\/epinal\/oktoberfest-au-10\u00b755-epinal-rendez-vous-les-18-et-19-septembre\/\" \/>\n<meta property=\"og:site_name\" content=\"1055 Epinal\" \/>\n<meta property=\"article:published_time\" content=\"2026-09-03T09:32:07+00:00\" \/>\n<meta property=\"article:modified_time\" content=\"2026-09-03T09:33:39+00:00\" \/>\n<meta property=\"og:image\" content=\"https:\/\/www.1055.fr\/epinal\/contenu\/uploads\/2026\/09\/1055-oktoberfest-2026-Epinal-Actu-608x435-1.jpg\" \/>\n\t<meta property=\"og:image:width\" content=\"609\" \/>\n\t<meta property=\"og:image:height\" content=\"436\" \/>\n\t<meta property=\"og:image:type\" content=\"image\/jpeg\" \/>\n<meta name=\"author\" content=\"Eugenie Plane\" \/>\n<meta name=\"twitter:card\" content=\"summary_large_image\" \/>\n<meta name=\"twitter:label1\" content=\"\u00c9crit par\" \/>\n\t<meta name=\"twitter:data1\" content=\"Eugenie Plane\" \/>\n\t<meta name=\"twitter:label2\" content=\"Dur\u00e9e de lecture estim\u00e9e\" \/>\n\t<meta name=\"twitter:data2\" content=\"4 minutes\" \/>\n<script type=\"application\/ld+json\" class=\"yoast-schema-graph\">{\"@context\":\"https:\/\/schema.org\",\"@graph\":[{\"@type\":\"WebPage\",\"@id\":\"https:\/\/www.1055.fr\/epinal\/oktoberfest-au-10%c2%b755-epinal-rendez-vous-les-18-et-19-septembre\/\",\"url\":\"https:\/\/www.1055.fr\/epinal\/oktoberfest-au-10%c2%b755-epinal-rendez-vous-les-18-et-19-septembre\/\",\"name\":\"Oktoberfest au 10\u00b755 Epinal : rendez-vous les 18 et 19 septembre\",\"isPartOf\":{\"@id\":\"https:\/\/www.1055.fr\/epinal\/#website\"},\"primaryImageOfPage\":{\"@id\":\"https:\/\/www.1055.fr\/epinal\/oktoberfest-au-10%c2%b755-epinal-rendez-vous-les-18-et-19-septembre\/#primaryimage\"},\"image\":{\"@id\":\"https:\/\/www.1055.fr\/epinal\/oktoberfest-au-10%c2%b755-epinal-rendez-vous-les-18-et-19-septembre\/#primaryimage\"},\"thumbnailUrl\":\"https:\/\/www.1055.fr\/epinal\/contenu\/uploads\/2026\/09\/1055-oktoberfest-2026-Epinal-Actu-608x435-1.jpg\",\"datePublished\":\"2026-09-03T09:32:07+00:00\",\"dateModified\":\"2026-09-03T09:33:39+00:00\",\"author\":{\"@id\":\"https:\/\/www.1055.fr\/epinal\/#\/schema\/person\/26bdebfbc7fd67897c8869410ea83f1f\"},\"breadcrumb\":{\"@id\":\"https:\/\/www.1055.fr\/epinal\/oktoberfest-au-10%c2%b755-epinal-rendez-vous-les-18-et-19-septembre\/#breadcrumb\"},\"inLanguage\":\"fr-FR\",\"potentialAction\":[{\"@type\":\"ReadAction\",\"target\":[\"https:\/\/www.1055.fr\/epinal\/oktoberfest-au-10%c2%b755-epinal-rendez-vous-les-18-et-19-septembre\/\"]}]},{\"@type\":\"ImageObject\",\"inLanguage\":\"fr-FR\",\"@id\":\"https:\/\/www.1055.fr\/epinal\/oktoberfest-au-10%c2%b755-epinal-rendez-vous-les-18-et-19-septembre\/#primaryimage\",\"url\":\"https:\/\/www.1055.fr\/epinal\/contenu\/uploads\/2026\/09\/1055-oktoberfest-2026-Epinal-Actu-608x435-1.jpg\",\"contentUrl\":\"https:\/\/www.1055.fr\/epinal\/contenu\/uploads\/2026\/09\/1055-oktoberfest-2026-Epinal-Actu-608x435-1.jpg\",\"width\":609,\"height\":436},{\"@type\":\"BreadcrumbList\",\"@id\":\"https:\/\/www.1055.fr\/epinal\/oktoberfest-au-10%c2%b755-epinal-rendez-vous-les-18-et-19-septembre\/#breadcrumb\",\"itemListElement\":[{\"@type\":\"ListItem\",\"position\":1,\"name\":\"Home\",\"item\":\"https:\/\/www.1055.fr\/epinal\/\"},{\"@type\":\"ListItem\",\"position\":2,\"name\":\"Oktoberfest au 10\u00b755 Epinal : rendez-vous les 18 et 19 septembre\"}]},{\"@type\":\"WebSite\",\"@id\":\"https:\/\/www.1055.fr\/epinal\/#website\",\"url\":\"https:\/\/www.1055.fr\/epinal\/\",\"name\":\"1055 Epinal\",\"description\":\"\",\"potentialAction\":[{\"@type\":\"SearchAction\",\"target\":{\"@type\":\"EntryPoint\",\"urlTemplate\":\"https:\/\/www.1055.fr\/epinal\/?s={search_term_string}\"},\"query-input\":{\"@type\":\"PropertyValueSpecification\",\"valueRequired\":true,\"valueName\":\"search_term_string\"}}],\"inLanguage\":\"fr-FR\"},{\"@type\":\"Person\",\"@id\":\"https:\/\/www.1055.fr\/epinal\/#\/schema\/person\/26bdebfbc7fd67897c8869410ea83f1f\",\"name\":\"Eugenie Plane\",\"image\":{\"@type\":\"ImageObject\",\"inLanguage\":\"fr-FR\",\"@id\":\"https:\/\/www.1055.fr\/epinal\/#\/schema\/person\/image\/\",\"url\":\"https:\/\/secure.gravatar.com\/avatar\/7b3bb0761922747d46fb111a0f5061ca3b37f921b24bf62bb79f53210def64f4?s=96&d=mm&r=g\",\"contentUrl\":\"https:\/\/secure.gravatar.com\/avatar\/7b3bb0761922747d46fb111a0f5061ca3b37f921b24bf62bb79f53210def64f4?s=96&d=mm&r=g\",\"caption\":\"Eugenie Plane\"},\"sameAs\":[\"http:\/\/1055%20Epinal\"],\"url\":\"https:\/\/www.1055.fr\/epinal\/author\/eugenie\/\"}]}<\/script>\n<!-- \/ Yoast SEO plugin. -->","yoast_head_json":{"title":"Oktoberfest au 10\u00b755 Epinal : rendez-vous les 18 et 19 septembre","robots":{"index":"index","follow":"follow","max-snippet":"max-snippet:-1","max-image-preview":"max-image-preview:large","max-video-preview":"max-video-preview:-1"},"canonical":"https:\/\/www.1055.fr\/epinal\/oktoberfest-au-10\u00b755-epinal-rendez-vous-les-18-et-19-septembre\/","og_locale":"fr_FR","og_type":"article","og_title":"Oktoberfest au 10\u00b755 Epinal : rendez-vous les 18 et 19 septembre","og_description":"Les 18 et 19 septembre 2026, le 10\u00b755 Epinal c\u00e9l\u00e8bre l\u2019Oktoberfest \u00e0 travers deux jours plac\u00e9es sous le signe de &hellip;","og_url":"https:\/\/www.1055.fr\/epinal\/oktoberfest-au-10\u00b755-epinal-rendez-vous-les-18-et-19-septembre\/","og_site_name":"1055 Epinal","article_published_time":"2026-09-03T09:32:07+00:00","article_modified_time":"2026-09-03T09:33:39+00:00","og_image":[{"width":609,"height":436,"url":"https:\/\/www.1055.fr\/epinal\/contenu\/uploads\/2026\/09\/1055-oktoberfest-2026-Epinal-Actu-608x435-1.jpg","type":"image\/jpeg"}],"author":"Eugenie Plane","twitter_card":"summary_large_image","twitter_misc":{"\u00c9crit par":"Eugenie Plane","Dur\u00e9e de lecture estim\u00e9e":"4 minutes"},"schema":{"@context":"https:\/\/schema.org","@graph":[{"@type":"WebPage","@id":"https:\/\/www.1055.fr\/epinal\/oktoberfest-au-10%c2%b755-epinal-rendez-vous-les-18-et-19-septembre\/","url":"https:\/\/www.1055.fr\/epinal\/oktoberfest-au-10%c2%b755-epinal-rendez-vous-les-18-et-19-septembre\/","name":"Oktoberfest au 10\u00b755 Epinal : rendez-vous les 18 et 19 septembre","isPartOf":{"@id":"https:\/\/www.1055.fr\/epinal\/#website"},"primaryImageOfPage":{"@id":"https:\/\/www.1055.fr\/epinal\/oktoberfest-au-10%c2%b755-epinal-rendez-vous-les-18-et-19-septembre\/#primaryimage"},"image":{"@id":"https:\/\/www.1055.fr\/epinal\/oktoberfest-au-10%c2%b755-epinal-rendez-vous-les-18-et-19-septembre\/#primaryimage"},"thumbnailUrl":"https:\/\/www.1055.fr\/epinal\/contenu\/uploads\/2026\/09\/1055-oktoberfest-2026-Epinal-Actu-608x435-1.jpg","datePublished":"2026-09-03T09:32:07+00:00","dateModified":"2026-09-03T09:33:39+00:00","author":{"@id":"https:\/\/www.1055.fr\/epinal\/#\/schema\/person\/26bdebfbc7fd67897c8869410ea83f1f"},"breadcrumb":{"@id":"https:\/\/www.1055.fr\/epinal\/oktoberfest-au-10%c2%b755-epinal-rendez-vous-les-18-et-19-septembre\/#breadcrumb"},"inLanguage":"fr-FR","potentialAction":[{"@type":"ReadAction","target":["https:\/\/www.1055.fr\/epinal\/oktoberfest-au-10%c2%b755-epinal-rendez-vous-les-18-et-19-septembre\/"]}]},{"@type":"ImageObject","inLanguage":"fr-FR","@id":"https:\/\/www.1055.fr\/epinal\/oktoberfest-au-10%c2%b755-epinal-rendez-vous-les-18-et-19-septembre\/#primaryimage","url":"https:\/\/www.1055.fr\/epinal\/contenu\/uploads\/2026\/09\/1055-oktoberfest-2026-Epinal-Actu-608x435-1.jpg","contentUrl":"https:\/\/www.1055.fr\/epinal\/contenu\/uploads\/2026\/09\/1055-oktoberfest-2026-Epinal-Actu-608x435-1.jpg","width":609,"height":436},{"@type":"BreadcrumbList","@id":"https:\/\/www.1055.fr\/epinal\/oktoberfest-au-10%c2%b755-epinal-rendez-vous-les-18-et-19-septembre\/#breadcrumb","itemListElement":[{"@type":"ListItem","position":1,"name":"Home","item":"https:\/\/www.1055.fr\/epinal\/"},{"@type":"ListItem","position":2,"name":"Oktoberfest au 10\u00b755 Epinal : rendez-vous les 18 et 19 septembre"}]},{"@type":"WebSite","@id":"https:\/\/www.1055.fr\/epinal\/#website","url":"https:\/\/www.1055.fr\/epinal\/","name":"1055 Epinal","description":"","potentialAction":[{"@type":"SearchAction","target":{"@type":"EntryPoint","urlTemplate":"https:\/\/www.1055.fr\/epinal\/?s={search_term_string}"},"query-input":{"@type":"PropertyValueSpecification","valueRequired":true,"valueName":"search_term_string"}}],"inLanguage":"fr-FR"},{"@type":"Person","@id":"https:\/\/www.1055.fr\/epinal\/#\/schema\/person\/26bdebfbc7fd67897c8869410ea83f1f","name":"Eugenie Plane","image":{"@type":"ImageObject","inLanguage":"fr-FR","@id":"https:\/\/www.1055.fr\/epinal\/#\/schema\/person\/image\/","url":"https:\/\/secure.gravatar.com\/avatar\/7b3bb0761922747d46fb111a0f5061ca3b37f921b24bf62bb79f53210def64f4?s=96&d=mm&r=g","contentUrl":"https:\/\/secure.gravatar.com\/avatar\/7b3bb0761922747d46fb111a0f5061ca3b37f921b24bf62bb79f53210def64f4?s=96&d=mm&r=g","caption":"Eugenie Plane"},"sameAs":["http:\/\/1055%20Epinal"],"url":"https:\/\/www.1055.fr\/epinal\/author\/eugenie\/"}]}},"_links":{"self":[{"href":"https:\/\/www.1055.fr\/epinal\/wp-json\/wp\/v2\/posts\/11187","targetHints":{"allow":["GET"]}}],"collection":[{"href":"https:\/\/www.1055.fr\/epinal\/wp-json\/wp\/v2\/posts"}],"about":[{"href":"https:\/\/www.1055.fr\/epinal\/wp-json\/wp\/v2\/types\/post"}],"author":[{"embeddable":true,"href":"https:\/\/www.1055.fr\/epinal\/wp-json\/wp\/v2\/users\/12"}],"replies":[{"embeddable":true,"href":"https:\/\/www.1055.fr\/epinal\/wp-json\/wp\/v2\/comments?post=11187"}],"version-history":[{"count":2,"href":"https:\/\/www.1055.fr\/epinal\/wp-json\/wp\/v2\/posts\/11187\/revisions"}],"predecessor-version":[{"id":11195,"href":"https:\/\/www.1055.fr\/epinal\/wp-json\/wp\/v2\/posts\/11187\/revisions\/11195"}],"wp:featuredmedia":[{"embeddable":true,"href":"https:\/\/www.1055.fr\/epinal\/wp-json\/wp\/v2\/media\/11196"}],"wp:attachment":[{"href":"https:\/\/www.1055.fr\/epinal\/wp-json\/wp\/v2\/media?parent=11187"}],"wp:term":[{"taxonomy":"category","embeddable":true,"href":"https:\/\/www.1055.fr\/epinal\/wp-json\/wp\/v2\/categories?post=11187"},{"taxonomy":"post_tag","embeddable":true,"href":"https:\/\/www.1055.fr\/epinal\/wp-json\/wp\/v2\/tags?post=11187"}],"curies":[{"name":"wp","href":"https:\/\/api.w.org\/{rel}","templated":true}]}}