{"id":11163,"date":"2026-08-25T10:04:20","date_gmt":"2026-08-25T08:04:20","guid":{"rendered":"https:\/\/www.1055.fr\/epinal\/?p=11163"},"modified":"2026-08-25T16:09:47","modified_gmt":"2026-08-25T14:09:47","slug":"que-faire-a-epinal-en-septembre-2026-les-bons-plans-de-la-rentree-au-10%c2%b755","status":"publish","type":"post","link":"https:\/\/www.1055.fr\/epinal\/que-faire-a-epinal-en-septembre-2026-les-bons-plans-de-la-rentree-au-10%c2%b755\/","title":{"rendered":"Que faire \u00e0 Epinal en septembre 2026 ? Les bons plans de la rentr\u00e9e au 10\u00b755"},"content":{"rendered":"\n<p class=\"wp-block-paragraph\">La rentr\u00e9e arrive ! Que faire \u00e0 <strong>Epinal en septembre 2026<\/strong>, une activit\u00e9 \u00e0 faire avec les enfants apr\u00e8s l\u2019\u00e9cole ou simplement un bon plan pour prolonger un peu l\u2019\u00e9t\u00e9 ?<\/p>\n\n\n\n<p class=\"wp-block-paragraph\">Au <strong>10\u00b755 Epinal, la rentr\u00e9e 2026<\/strong> s\u2019accompagne de plusieurs offres pour sortir, jouer et manger \u00e0 prix malin. Et cette ann\u00e9e, une offre sp\u00e9ciale vous permet m\u00eame de <strong>booster votre carte 10\u00b755 du 1er au 14 septembre 2026.<\/strong><\/p>\n\n\n\n<div class=\"wp-block-buttons is-content-justification-center is-layout-flex wp-container-core-buttons-is-layout-fe48e5de wp-block-buttons-is-layout-flex\">\n<div class=\"wp-block-button\"><a class=\"wp-block-button__link has-text-align-center wp-element-button\" href=\"https:\/\/cagnotte-1055.c.obypay.com\/v-v6.14.11\/i-tr1pLGIMBe-1\/onboarding\">Recharger ma carte<\/a><\/div>\n<\/div>\n\n\n\n<h2 class=\"wp-block-heading\">Rentr\u00e9e 2026 : plus vous cr\u00e9ditez, plus vous gagnez !<\/h2>\n\n\n\n<p class=\"wp-block-paragraph\">Pour commencer septembre avec un peu plus de fun et un peu moins de d\u00e9penses, le 10\u00b755 vous r\u00e9serve une <strong>offre sp\u00e9ciale rentr\u00e9e.<\/strong><\/p>\n\n\n\n<div class=\"wp-block-columns is-layout-flex wp-container-core-columns-is-layout-8f761849 wp-block-columns-is-layout-flex\">\n<div class=\"wp-block-column is-layout-flow wp-block-column-is-layout-flow\">\n<figure class=\"wp-block-image size-full\"><img loading=\"lazy\" decoding=\"async\" width=\"608\" height=\"435\" src=\"https:\/\/www.1055.fr\/epinal\/contenu\/uploads\/2026\/08\/1055-la-rentree-campagne-generique-v2b_608x435.jpg\" alt=\"\" class=\"wp-image-11166\" srcset=\"https:\/\/www.1055.fr\/epinal\/contenu\/uploads\/2026\/08\/1055-la-rentree-campagne-generique-v2b_608x435.jpg 608w, https:\/\/www.1055.fr\/epinal\/contenu\/uploads\/2026\/08\/1055-la-rentree-campagne-generique-v2b_608x435-300x215.jpg 300w, https:\/\/www.1055.fr\/epinal\/contenu\/uploads\/2026\/08\/1055-la-rentree-campagne-generique-v2b_608x435-24x17.jpg 24w, https:\/\/www.1055.fr\/epinal\/contenu\/uploads\/2026\/08\/1055-la-rentree-campagne-generique-v2b_608x435-36x26.jpg 36w, https:\/\/www.1055.fr\/epinal\/contenu\/uploads\/2026\/08\/1055-la-rentree-campagne-generique-v2b_608x435-48x34.jpg 48w\" sizes=\"auto, (max-width: 608px) 100vw, 608px\" \/><\/figure>\n<\/div>\n\n\n\n<div class=\"wp-block-column is-layout-flow wp-block-column-is-layout-flow\">\n<figure class=\"wp-block-image size-full\"><img loading=\"lazy\" decoding=\"async\" width=\"608\" height=\"435\" src=\"https:\/\/www.1055.fr\/epinal\/contenu\/uploads\/2026\/08\/1055-la-rentree-du-1055-v3_Actu_608x435-1.jpg\" alt=\"\" class=\"wp-image-11167\" srcset=\"https:\/\/www.1055.fr\/epinal\/contenu\/uploads\/2026\/08\/1055-la-rentree-du-1055-v3_Actu_608x435-1.jpg 608w, https:\/\/www.1055.fr\/epinal\/contenu\/uploads\/2026\/08\/1055-la-rentree-du-1055-v3_Actu_608x435-1-300x215.jpg 300w, https:\/\/www.1055.fr\/epinal\/contenu\/uploads\/2026\/08\/1055-la-rentree-du-1055-v3_Actu_608x435-1-24x17.jpg 24w, https:\/\/www.1055.fr\/epinal\/contenu\/uploads\/2026\/08\/1055-la-rentree-du-1055-v3_Actu_608x435-1-48x34.jpg 48w, https:\/\/www.1055.fr\/epinal\/contenu\/uploads\/2026\/08\/1055-la-rentree-du-1055-v3_Actu_608x435-1-36x26.jpg 36w\" sizes=\"auto, (max-width: 608px) 100vw, 608px\" \/><\/figure>\n<\/div>\n<\/div>\n\n\n\n<div class=\"wp-block-buttons is-content-justification-center is-layout-flex wp-container-core-buttons-is-layout-fe48e5de wp-block-buttons-is-layout-flex\">\n<div class=\"wp-block-button\"><a class=\"wp-block-button__link wp-element-button\" href=\"https:\/\/cagnotte-1055.c.obypay.com\/v-v6.14.11\/i-tr1pLGIMBe-1\/onboarding\">Je profite de l&rsquo;offre !<\/a><\/div>\n<\/div>\n\n\n\n<p class=\"wp-block-paragraph\"><strong>Du 1er au 14 septembre 2026 inclus :<\/strong><\/p>\n\n\n\n<p class=\"wp-block-paragraph\"><strong>50 \u20ac cr\u00e9dit\u00e9s = 65 \u20ac sur votre carte 10\u00b755, soit 15 \u20ac offerts<br>100 \u20ac cr\u00e9dit\u00e9s = 135 \u20ac sur votre carte 10\u00b755, soit 35 \u20ac offerts<\/strong><br><br>Une bonne occasion de pr\u00e9voir vos prochaines sorties \u00e0 Epinal et de profiter davantage de votre budget loisirs.<\/p>\n\n\n\n<p class=\"wp-block-paragraph\">Les cr\u00e9dits de votre carte 10\u00b755 peuvent notamment \u00eatre utilis\u00e9s pour vos activit\u00e9s et \u00e0 la Brasserie. La carte est nominative et destin\u00e9e \u00e0 son d\u00e9tenteur et \u00e0 sa famille proche.<\/p>\n\n\n\n<p class=\"wp-block-paragraph\">Et surtout : les cr\u00e9dits charg\u00e9s sur votre carte sont <strong>illimit\u00e9s dans le temps<\/strong>. Vous n\u2019\u00eates donc pas oblig\u00e9 de tout d\u00e9penser pendant le mois de septembre !<\/p>\n\n\n\n<h3 class=\"wp-block-heading\">Pourquoi profiter de l\u2019offre d\u00e8s la rentr\u00e9e ?<\/h3>\n\n\n\n<p class=\"wp-block-paragraph\">Parce que septembre marque le retour \u00e0 l\u2019\u00e9cole et au travail\u2026 mais certainement pas la fin des sorties !<\/p>\n\n\n\n<p class=\"wp-block-paragraph\">Bowling, Laser Game, Trampoline Park, Kid Park, Tac-Tic Room, Karaok\u00e9, salles de Quizz, Lancer de fl\u00e9chettes, Lancer de Hache\u2026 le 10\u00b755 d&rsquo;Epinal permet de r\u00e9unir de nombreuses <a href=\"https:\/\/www.1055.fr\/epinal\/activites\/\">activit\u00e9s<\/a> indoor au m\u00eame endroit.<\/p>\n\n\n\n<p class=\"wp-block-paragraph\">De quoi trouver facilement une id\u00e9e pour sortir en famille dans les Vosges, organiser une soir\u00e9e entre amis ou occuper les enfants un mercredi ou pendant le week-end.<\/p>\n\n\n\n<hr class=\"wp-block-separator has-alpha-channel-opacity\"\/>\n\n\n\n<p class=\"wp-block-paragraph\"><strong>Utilisation<\/strong><br>La carte 10\u00b755 permet de r\u00e9gler : l\u2019ensemble des jeux dans tous les complexes 10\u00b755, votre note au restaurant, les formules anniversaire-enfant r\u00e9serv\u00e9es via le site de r\u00e9servation officiel, d\u2019acc\u00e9der aux tarifs sp\u00e9ciaux carte 10\u00b755 de nos activit\u00e9s et aux bons plans de la semaine.<\/p>\n\n\n\n<p class=\"wp-block-paragraph\"><strong>B\u00e9n\u00e9ficiaires<br><\/strong>La carte est strictement personnelle. Elle est valable uniquement pour son titulaire ainsi que pour sa famille proche (conjoint(e) et enfants).<\/p>\n\n\n\n<p class=\"wp-block-paragraph\"><strong>Dur\u00e9e de validit\u00e9<br><\/strong>La valeur disponible sur la carte est illimit\u00e9e dans le temps.<\/p>\n\n\n\n<p class=\"wp-block-paragraph\"><strong>Restrictions<br><\/strong>La carte est exclusivement destin\u00e9e \u00e0 un usage particulier. Toute utilisation en dehors des conditions ci-dessus sera consid\u00e9r\u00e9e comme non conforme.<br>Utilisable sur place, sur les sites de r\u00e9servation et sur la boutique officielle. Cr\u00e9dits\u00a0<strong>non \u00e9changeables et non remboursables<\/strong><\/p>\n\n\n\n<p class=\"wp-block-paragraph\"><\/p>\n","protected":false},"excerpt":{"rendered":"<p>La rentr\u00e9e arrive ! Que faire \u00e0 Epinal en septembre 2026, une activit\u00e9 \u00e0 faire avec les enfants apr\u00e8s l\u2019\u00e9cole &hellip;<\/p>\n","protected":false},"author":12,"featured_media":11165,"comment_status":"closed","ping_status":"closed","sticky":false,"template":"","format":"standard","meta":{"_acf_changed":false,"footnotes":""},"categories":[1],"tags":[],"class_list":["post-11163","post","type-post","status-publish","format-standard","has-post-thumbnail","hentry","category-actualites"],"acf":[],"yoast_head":"<!-- This site is optimized with the Yoast SEO plugin v25.9 - https:\/\/yoast.com\/wordpress\/plugins\/seo\/ -->\n<title>Que faire \u00e0 Epinal en septembre 2026 ? Les bons plans de la rentr\u00e9e au 10\u00b755<\/title>\n<meta name=\"robots\" content=\"index, follow, max-snippet:-1, max-image-preview:large, max-video-preview:-1\" \/>\n<link rel=\"canonical\" href=\"https:\/\/www.1055.fr\/epinal\/que-faire-a-epinal-en-septembre-2026-les-bons-plans-de-la-rentree-au-10\u00b755\/\" \/>\n<meta property=\"og:locale\" content=\"fr_FR\" \/>\n<meta property=\"og:type\" content=\"article\" \/>\n<meta property=\"og:title\" content=\"Que faire \u00e0 Epinal en septembre 2026 ? Les bons plans de la rentr\u00e9e au 10\u00b755\" \/>\n<meta property=\"og:description\" content=\"La rentr\u00e9e arrive ! Que faire \u00e0 Epinal en septembre 2026, une activit\u00e9 \u00e0 faire avec les enfants apr\u00e8s l\u2019\u00e9cole &hellip;\" \/>\n<meta property=\"og:url\" content=\"https:\/\/www.1055.fr\/epinal\/que-faire-a-epinal-en-septembre-2026-les-bons-plans-de-la-rentree-au-10\u00b755\/\" \/>\n<meta property=\"og:site_name\" content=\"1055 Epinal\" \/>\n<meta property=\"article:published_time\" content=\"2026-08-25T08:04:20+00:00\" \/>\n<meta property=\"article:modified_time\" content=\"2026-08-25T14:09:47+00:00\" \/>\n<meta property=\"og:image\" content=\"https:\/\/www.1055.fr\/epinal\/contenu\/uploads\/2026\/08\/1055-la-rentree-du-1055-v3_Actu_608x435.jpg\" \/>\n\t<meta property=\"og:image:width\" content=\"608\" \/>\n\t<meta property=\"og:image:height\" content=\"435\" \/>\n\t<meta property=\"og:image:type\" content=\"image\/jpeg\" \/>\n<meta name=\"author\" content=\"Eugenie Plane\" \/>\n<meta name=\"twitter:card\" content=\"summary_large_image\" \/>\n<meta name=\"twitter:label1\" content=\"\u00c9crit par\" \/>\n\t<meta name=\"twitter:data1\" content=\"Eugenie Plane\" \/>\n\t<meta name=\"twitter:label2\" content=\"Dur\u00e9e de lecture estim\u00e9e\" \/>\n\t<meta name=\"twitter:data2\" content=\"3 minutes\" \/>\n<script type=\"application\/ld+json\" class=\"yoast-schema-graph\">{\"@context\":\"https:\/\/schema.org\",\"@graph\":[{\"@type\":\"WebPage\",\"@id\":\"https:\/\/www.1055.fr\/epinal\/que-faire-a-epinal-en-septembre-2026-les-bons-plans-de-la-rentree-au-10%c2%b755\/\",\"url\":\"https:\/\/www.1055.fr\/epinal\/que-faire-a-epinal-en-septembre-2026-les-bons-plans-de-la-rentree-au-10%c2%b755\/\",\"name\":\"Que faire \u00e0 Epinal en septembre 2026 ? Les bons plans de la rentr\u00e9e au 10\u00b755\",\"isPartOf\":{\"@id\":\"https:\/\/www.1055.fr\/epinal\/#website\"},\"primaryImageOfPage\":{\"@id\":\"https:\/\/www.1055.fr\/epinal\/que-faire-a-epinal-en-septembre-2026-les-bons-plans-de-la-rentree-au-10%c2%b755\/#primaryimage\"},\"image\":{\"@id\":\"https:\/\/www.1055.fr\/epinal\/que-faire-a-epinal-en-septembre-2026-les-bons-plans-de-la-rentree-au-10%c2%b755\/#primaryimage\"},\"thumbnailUrl\":\"https:\/\/www.1055.fr\/epinal\/contenu\/uploads\/2026\/08\/1055-la-rentree-du-1055-v3_Actu_608x435.jpg\",\"datePublished\":\"2026-08-25T08:04:20+00:00\",\"dateModified\":\"2026-08-25T14:09:47+00:00\",\"author\":{\"@id\":\"https:\/\/www.1055.fr\/epinal\/#\/schema\/person\/26bdebfbc7fd67897c8869410ea83f1f\"},\"breadcrumb\":{\"@id\":\"https:\/\/www.1055.fr\/epinal\/que-faire-a-epinal-en-septembre-2026-les-bons-plans-de-la-rentree-au-10%c2%b755\/#breadcrumb\"},\"inLanguage\":\"fr-FR\",\"potentialAction\":[{\"@type\":\"ReadAction\",\"target\":[\"https:\/\/www.1055.fr\/epinal\/que-faire-a-epinal-en-septembre-2026-les-bons-plans-de-la-rentree-au-10%c2%b755\/\"]}]},{\"@type\":\"ImageObject\",\"inLanguage\":\"fr-FR\",\"@id\":\"https:\/\/www.1055.fr\/epinal\/que-faire-a-epinal-en-septembre-2026-les-bons-plans-de-la-rentree-au-10%c2%b755\/#primaryimage\",\"url\":\"https:\/\/www.1055.fr\/epinal\/contenu\/uploads\/2026\/08\/1055-la-rentree-du-1055-v3_Actu_608x435.jpg\",\"contentUrl\":\"https:\/\/www.1055.fr\/epinal\/contenu\/uploads\/2026\/08\/1055-la-rentree-du-1055-v3_Actu_608x435.jpg\",\"width\":608,\"height\":435},{\"@type\":\"BreadcrumbList\",\"@id\":\"https:\/\/www.1055.fr\/epinal\/que-faire-a-epinal-en-septembre-2026-les-bons-plans-de-la-rentree-au-10%c2%b755\/#breadcrumb\",\"itemListElement\":[{\"@type\":\"ListItem\",\"position\":1,\"name\":\"Home\",\"item\":\"https:\/\/www.1055.fr\/epinal\/\"},{\"@type\":\"ListItem\",\"position\":2,\"name\":\"Que faire \u00e0 Epinal en septembre 2026 ? Les bons plans de la rentr\u00e9e au 10\u00b755\"}]},{\"@type\":\"WebSite\",\"@id\":\"https:\/\/www.1055.fr\/epinal\/#website\",\"url\":\"https:\/\/www.1055.fr\/epinal\/\",\"name\":\"1055 Epinal\",\"description\":\"\",\"potentialAction\":[{\"@type\":\"SearchAction\",\"target\":{\"@type\":\"EntryPoint\",\"urlTemplate\":\"https:\/\/www.1055.fr\/epinal\/?s={search_term_string}\"},\"query-input\":{\"@type\":\"PropertyValueSpecification\",\"valueRequired\":true,\"valueName\":\"search_term_string\"}}],\"inLanguage\":\"fr-FR\"},{\"@type\":\"Person\",\"@id\":\"https:\/\/www.1055.fr\/epinal\/#\/schema\/person\/26bdebfbc7fd67897c8869410ea83f1f\",\"name\":\"Eugenie Plane\",\"image\":{\"@type\":\"ImageObject\",\"inLanguage\":\"fr-FR\",\"@id\":\"https:\/\/www.1055.fr\/epinal\/#\/schema\/person\/image\/\",\"url\":\"https:\/\/secure.gravatar.com\/avatar\/7b3bb0761922747d46fb111a0f5061ca3b37f921b24bf62bb79f53210def64f4?s=96&d=mm&r=g\",\"contentUrl\":\"https:\/\/secure.gravatar.com\/avatar\/7b3bb0761922747d46fb111a0f5061ca3b37f921b24bf62bb79f53210def64f4?s=96&d=mm&r=g\",\"caption\":\"Eugenie Plane\"},\"sameAs\":[\"http:\/\/1055%20Epinal\"],\"url\":\"https:\/\/www.1055.fr\/epinal\/author\/eugenie\/\"}]}<\/script>\n<!-- \/ Yoast SEO plugin. -->","yoast_head_json":{"title":"Que faire \u00e0 Epinal en septembre 2026 ? Les bons plans de la rentr\u00e9e au 10\u00b755","robots":{"index":"index","follow":"follow","max-snippet":"max-snippet:-1","max-image-preview":"max-image-preview:large","max-video-preview":"max-video-preview:-1"},"canonical":"https:\/\/www.1055.fr\/epinal\/que-faire-a-epinal-en-septembre-2026-les-bons-plans-de-la-rentree-au-10\u00b755\/","og_locale":"fr_FR","og_type":"article","og_title":"Que faire \u00e0 Epinal en septembre 2026 ? Les bons plans de la rentr\u00e9e au 10\u00b755","og_description":"La rentr\u00e9e arrive ! Que faire \u00e0 Epinal en septembre 2026, une activit\u00e9 \u00e0 faire avec les enfants apr\u00e8s l\u2019\u00e9cole &hellip;","og_url":"https:\/\/www.1055.fr\/epinal\/que-faire-a-epinal-en-septembre-2026-les-bons-plans-de-la-rentree-au-10\u00b755\/","og_site_name":"1055 Epinal","article_published_time":"2026-08-25T08:04:20+00:00","article_modified_time":"2026-08-25T14:09:47+00:00","og_image":[{"width":608,"height":435,"url":"https:\/\/www.1055.fr\/epinal\/contenu\/uploads\/2026\/08\/1055-la-rentree-du-1055-v3_Actu_608x435.jpg","type":"image\/jpeg"}],"author":"Eugenie Plane","twitter_card":"summary_large_image","twitter_misc":{"\u00c9crit par":"Eugenie Plane","Dur\u00e9e de lecture estim\u00e9e":"3 minutes"},"schema":{"@context":"https:\/\/schema.org","@graph":[{"@type":"WebPage","@id":"https:\/\/www.1055.fr\/epinal\/que-faire-a-epinal-en-septembre-2026-les-bons-plans-de-la-rentree-au-10%c2%b755\/","url":"https:\/\/www.1055.fr\/epinal\/que-faire-a-epinal-en-septembre-2026-les-bons-plans-de-la-rentree-au-10%c2%b755\/","name":"Que faire \u00e0 Epinal en septembre 2026 ? Les bons plans de la rentr\u00e9e au 10\u00b755","isPartOf":{"@id":"https:\/\/www.1055.fr\/epinal\/#website"},"primaryImageOfPage":{"@id":"https:\/\/www.1055.fr\/epinal\/que-faire-a-epinal-en-septembre-2026-les-bons-plans-de-la-rentree-au-10%c2%b755\/#primaryimage"},"image":{"@id":"https:\/\/www.1055.fr\/epinal\/que-faire-a-epinal-en-septembre-2026-les-bons-plans-de-la-rentree-au-10%c2%b755\/#primaryimage"},"thumbnailUrl":"https:\/\/www.1055.fr\/epinal\/contenu\/uploads\/2026\/08\/1055-la-rentree-du-1055-v3_Actu_608x435.jpg","datePublished":"2026-08-25T08:04:20+00:00","dateModified":"2026-08-25T14:09:47+00:00","author":{"@id":"https:\/\/www.1055.fr\/epinal\/#\/schema\/person\/26bdebfbc7fd67897c8869410ea83f1f"},"breadcrumb":{"@id":"https:\/\/www.1055.fr\/epinal\/que-faire-a-epinal-en-septembre-2026-les-bons-plans-de-la-rentree-au-10%c2%b755\/#breadcrumb"},"inLanguage":"fr-FR","potentialAction":[{"@type":"ReadAction","target":["https:\/\/www.1055.fr\/epinal\/que-faire-a-epinal-en-septembre-2026-les-bons-plans-de-la-rentree-au-10%c2%b755\/"]}]},{"@type":"ImageObject","inLanguage":"fr-FR","@id":"https:\/\/www.1055.fr\/epinal\/que-faire-a-epinal-en-septembre-2026-les-bons-plans-de-la-rentree-au-10%c2%b755\/#primaryimage","url":"https:\/\/www.1055.fr\/epinal\/contenu\/uploads\/2026\/08\/1055-la-rentree-du-1055-v3_Actu_608x435.jpg","contentUrl":"https:\/\/www.1055.fr\/epinal\/contenu\/uploads\/2026\/08\/1055-la-rentree-du-1055-v3_Actu_608x435.jpg","width":608,"height":435},{"@type":"BreadcrumbList","@id":"https:\/\/www.1055.fr\/epinal\/que-faire-a-epinal-en-septembre-2026-les-bons-plans-de-la-rentree-au-10%c2%b755\/#breadcrumb","itemListElement":[{"@type":"ListItem","position":1,"name":"Home","item":"https:\/\/www.1055.fr\/epinal\/"},{"@type":"ListItem","position":2,"name":"Que faire \u00e0 Epinal en septembre 2026 ? Les bons plans de la rentr\u00e9e au 10\u00b755"}]},{"@type":"WebSite","@id":"https:\/\/www.1055.fr\/epinal\/#website","url":"https:\/\/www.1055.fr\/epinal\/","name":"1055 Epinal","description":"","potentialAction":[{"@type":"SearchAction","target":{"@type":"EntryPoint","urlTemplate":"https:\/\/www.1055.fr\/epinal\/?s={search_term_string}"},"query-input":{"@type":"PropertyValueSpecification","valueRequired":true,"valueName":"search_term_string"}}],"inLanguage":"fr-FR"},{"@type":"Person","@id":"https:\/\/www.1055.fr\/epinal\/#\/schema\/person\/26bdebfbc7fd67897c8869410ea83f1f","name":"Eugenie Plane","image":{"@type":"ImageObject","inLanguage":"fr-FR","@id":"https:\/\/www.1055.fr\/epinal\/#\/schema\/person\/image\/","url":"https:\/\/secure.gravatar.com\/avatar\/7b3bb0761922747d46fb111a0f5061ca3b37f921b24bf62bb79f53210def64f4?s=96&d=mm&r=g","contentUrl":"https:\/\/secure.gravatar.com\/avatar\/7b3bb0761922747d46fb111a0f5061ca3b37f921b24bf62bb79f53210def64f4?s=96&d=mm&r=g","caption":"Eugenie Plane"},"sameAs":["http:\/\/1055%20Epinal"],"url":"https:\/\/www.1055.fr\/epinal\/author\/eugenie\/"}]}},"_links":{"self":[{"href":"https:\/\/www.1055.fr\/epinal\/wp-json\/wp\/v2\/posts\/11163","targetHints":{"allow":["GET"]}}],"collection":[{"href":"https:\/\/www.1055.fr\/epinal\/wp-json\/wp\/v2\/posts"}],"about":[{"href":"https:\/\/www.1055.fr\/epinal\/wp-json\/wp\/v2\/types\/post"}],"author":[{"embeddable":true,"href":"https:\/\/www.1055.fr\/epinal\/wp-json\/wp\/v2\/users\/12"}],"replies":[{"embeddable":true,"href":"https:\/\/www.1055.fr\/epinal\/wp-json\/wp\/v2\/comments?post=11163"}],"version-history":[{"count":1,"href":"https:\/\/www.1055.fr\/epinal\/wp-json\/wp\/v2\/posts\/11163\/revisions"}],"predecessor-version":[{"id":11175,"href":"https:\/\/www.1055.fr\/epinal\/wp-json\/wp\/v2\/posts\/11163\/revisions\/11175"}],"wp:featuredmedia":[{"embeddable":true,"href":"https:\/\/www.1055.fr\/epinal\/wp-json\/wp\/v2\/media\/11165"}],"wp:attachment":[{"href":"https:\/\/www.1055.fr\/epinal\/wp-json\/wp\/v2\/media?parent=11163"}],"wp:term":[{"taxonomy":"category","embeddable":true,"href":"https:\/\/www.1055.fr\/epinal\/wp-json\/wp\/v2\/categories?post=11163"},{"taxonomy":"post_tag","embeddable":true,"href":"https:\/\/www.1055.fr\/epinal\/wp-json\/wp\/v2\/tags?post=11163"}],"curies":[{"name":"wp","href":"https:\/\/api.w.org\/{rel}","templated":true}]}}