{"id":5597,"date":"2024-11-18T09:16:17","date_gmt":"2024-11-18T08:16:17","guid":{"rendered":"https:\/\/www.1055.fr\/besancon\/?p=5597"},"modified":"2024-11-18T09:18:09","modified_gmt":"2024-11-18T08:18:09","slug":"le-10%c2%b755-fete-ses-14-ans-une-semaine-devenements-doffres-et-de-surprises","status":"publish","type":"post","link":"https:\/\/www.1055.fr\/besancon\/le-10%c2%b755-fete-ses-14-ans-une-semaine-devenements-doffres-et-de-surprises\/","title":{"rendered":"Le 10\u00b755 f\u00eate ses 14 ans : Une semaine d\u2019\u00e9v\u00e9nements, d\u2019offres et de surprises !"},"content":{"rendered":"\n<p><em>Le groupe 10\u00b755 f\u00eate ses 14 ans du 18 au 24 novembre ! En effet, le tout premier 10\u00b755 a ouvert ses portes \u00e0 Lons-le-Saunier en 2010 ! Pour l&rsquo;occasion, une semaine de promotions, de surprises et d&rsquo;animations attendent les visiteurs au 10\u00b755 de Besan\u00e7on qui allie loisirs, restaurant et microbrasserie. Voici un aper\u00e7u de ce qui vous attend lors de cette semaine d&rsquo;anniversaire : <\/em><\/p>\n\n\n\n<h3 class=\"wp-block-heading\" id=\"h-promotions-cadeaux-exceptionnels\"><strong>Promotions &amp; cadeaux exceptionnels<\/strong><\/h3>\n\n\n\n<p>Pour c\u00e9l\u00e9brer ces 14 ann\u00e9es d&rsquo;activit\u00e9, le 10\u00b755 vous offre de l&rsquo;argent sur votre carte 10\u00b755. Du 18 au 24 novembre, c&rsquo;est le moment de recharger votre carte 10\u00b755* ou d&rsquo;en cr\u00e9er une !<\/p>\n\n\n\n<ul class=\"wp-block-list\">\n<li><strong>Cr\u00e9ditez 50\u20ac, on vous offre 10\u20ac<\/strong> : Transformez 50\u20ac en 60\u20ac pour profiter pleinement de vos loisirs pr\u00e9f\u00e9r\u00e9s.<\/li>\n\n\n\n<li><strong>Cr\u00e9ditez 100\u20ac, on vous offre 30\u20ac<\/strong> : Vous d\u00e9posez 100\u20ac et vous obtenez 130\u20ac pour explorer de nouvelles facettes de votre exp\u00e9rience au complexe.<\/li>\n<\/ul>\n\n\n\n<div style=\"height:24px\" aria-hidden=\"true\" class=\"wp-block-spacer\"><\/div>\n\n\n\n<div class=\"wp-block-buttons is-content-justification-center is-layout-flex wp-container-core-buttons-is-layout-16018d1d wp-block-buttons-is-layout-flex\">\n<div class=\"wp-block-button\"><a class=\"wp-block-button__link has-white-color has-vivid-purple-background-color has-text-color has-background wp-element-button\" href=\"https:\/\/cagnotte-1055.c.obypay.com\/i-tr1pLGIMBe-1\/loading-page?offer=&amp;provider=obypay&amp;logo=https%3A\/\/pro.nadvice-app.com\/img\/obypay\/logo.png\"><strong>Cr\u00e9er ou recharger ma carte<\/strong><\/a><\/div>\n<\/div>\n\n\n\n<div style=\"height:35px\" aria-hidden=\"true\" class=\"wp-block-spacer\"><\/div>\n\n\n\n<p>La carte 10\u00b755 vous permets \u00e9galement d&rsquo;acc\u00e9der \u00e0 tous les bons plans du 10\u00b755 et \u00e0 nos tarifs r\u00e9duits !<\/p>\n\n\n\n<p>Mais les bonnes nouvelles ne s&rsquo;arr\u00eatent pas l\u00e0 ! Tentez de remporter l&rsquo;<strong>un des cinq voyages d&rsquo;une valeur de 1200\u20ac chacun<\/strong>. Imaginez-vous en train de vous envoler vers une destination de r\u00eave gr\u00e2ce au 10\u00b755*. Une occasion en or \u00e0 ne pas manquer ! Pour participez au jeu rendez-vous au 10\u00b755 et scannez le QR-Code !<\/p>\n\n\n\n<div style=\"height:23px\" aria-hidden=\"true\" class=\"wp-block-spacer\"><\/div>\n\n\n\n<figure class=\"wp-block-image size-large is-resized\"><img decoding=\"async\" src=\"https:\/\/www.1055.fr\/lons-le-saunier\/contenu\/uploads\/2024\/10\/2024-Formats-Web_Couv-FB_828-x-315-1024x390.jpg\" alt=\"\" class=\"wp-image-11844\"\/><\/figure>\n\n\n\n<div style=\"height:41px\" aria-hidden=\"true\" class=\"wp-block-spacer\"><\/div>\n\n\n\n<h3 class=\"wp-block-heading\" id=\"h-soiree-elegance-noir-blanc\"><strong>Soir\u00e9e \u00e9l\u00e9gance noir &amp; blanc <\/strong><\/h3>\n\n\n\n<p>Pour couronner cette semaine d&rsquo;anniversaire en beaut\u00e9, le 10\u00b755 vous convie \u00e0 la <strong>grande soir\u00e9e \u00e9l\u00e9gance noir &amp; blanc<\/strong> qui se tiendra le vendredi 22 novembre. Au programme :<\/p>\n\n\n\n<ul class=\"wp-block-list\">\n<li><strong>Caricaturiste<\/strong> : Laissez-vous immortaliser de fa\u00e7on humoristique et originale par un talentueux caricaturiste. Un souvenir unique de cette soir\u00e9e magique !<\/li>\n\n\n\n<li><strong>Magicien<\/strong> : Soyez \u00e9merveill\u00e9 par des tours de magie qui vous laisseront sans voix. Le myst\u00e8re et la magie s&rsquo;invitent \u00e0 votre table pour une exp\u00e9rience inoubliable.<\/li>\n\n\n\n<li><strong>DJ<\/strong> : Un DJ sera pr\u00e9sent sur nos pistes de bowling !<\/li>\n<\/ul>\n\n\n\n<p><\/p>\n\n\n<div class=\"wp-block-image\">\n<figure class=\"aligncenter size-large is-resized\"><img decoding=\"async\" width=\"1024\" height=\"1024\" src=\"https:\/\/www.1055.fr\/besancon\/contenu\/uploads\/2024\/11\/SoireeNoiretBlanc_Carre1-1024x1024.png\" alt=\"\" class=\"wp-image-5760\" style=\"width:415px;height:auto\" srcset=\"https:\/\/www.1055.fr\/besancon\/contenu\/uploads\/2024\/11\/SoireeNoiretBlanc_Carre1-1024x1024.png 1024w, https:\/\/www.1055.fr\/besancon\/contenu\/uploads\/2024\/11\/SoireeNoiretBlanc_Carre1-300x300.png 300w, https:\/\/www.1055.fr\/besancon\/contenu\/uploads\/2024\/11\/SoireeNoiretBlanc_Carre1-150x150.png 150w, https:\/\/www.1055.fr\/besancon\/contenu\/uploads\/2024\/11\/SoireeNoiretBlanc_Carre1-768x768.png 768w, https:\/\/www.1055.fr\/besancon\/contenu\/uploads\/2024\/11\/SoireeNoiretBlanc_Carre1-246x246.png 246w, https:\/\/www.1055.fr\/besancon\/contenu\/uploads\/2024\/11\/SoireeNoiretBlanc_Carre1-100x100.png 100w, https:\/\/www.1055.fr\/besancon\/contenu\/uploads\/2024\/11\/SoireeNoiretBlanc_Carre1-24x24.png 24w, https:\/\/www.1055.fr\/besancon\/contenu\/uploads\/2024\/11\/SoireeNoiretBlanc_Carre1-36x36.png 36w, https:\/\/www.1055.fr\/besancon\/contenu\/uploads\/2024\/11\/SoireeNoiretBlanc_Carre1-48x48.png 48w, https:\/\/www.1055.fr\/besancon\/contenu\/uploads\/2024\/11\/SoireeNoiretBlanc_Carre1.png 1080w\" sizes=\"(max-width: 767px) 89vw, (max-width: 1000px) 54vw, (max-width: 1071px) 543px, 580px\" \/><\/figure>\n<\/div>\n\n\n<div style=\"height:34px\" aria-hidden=\"true\" class=\"wp-block-spacer\"><\/div>\n\n\n\n<div class=\"wp-block-buttons is-content-justification-center is-layout-flex wp-container-core-buttons-is-layout-16018d1d wp-block-buttons-is-layout-flex\">\n<div class=\"wp-block-button\"><a class=\"wp-block-button__link has-white-color has-vivid-purple-background-color has-text-color has-background has-link-color wp-element-button\" href=\"https:\/\/bookings.zenchef.com\/results?rid=358039&amp;pid=1001\"><strong>Je r\u00e9serve une table<\/strong><\/a><\/div>\n<\/div>\n\n\n\n<p><\/p>\n\n\n\n<p>En somme, la semaine de c\u00e9l\u00e9bration au 10\u00b755 promet d&rsquo;\u00eatre m\u00e9morable, riche en \u00e9motions, en surprises et en animations. Que vous soyez un habitu\u00e9 de longue date ou que vous d\u00e9couvriez ce lieu pour la premi\u00e8re fois, cette semaine anniversaire sera l&rsquo;occasion parfaite de vous amuser ! <a href=\"https:\/\/www.1055.fr\/besancon\/activites\/\">Bowling, Laser Game, R\u00e9alit\u00e9 Virtuelle, Trampoline Park et plein d&rsquo;autres activit\u00e9s ainsi que notre restaurant vous attendent pour c\u00e9l\u00e9brer !<\/a><\/p>\n\n\n\n<hr class=\"wp-block-separator has-alpha-channel-opacity\"\/>\n\n\n\n<p class=\"has-small-font-size\"><em>*Toutes les conditions du jeu sont \u00e0 retrouver en <a href=\"https:\/\/www.1055.fr\/besancon\/grand-jeu-concours-pour-les-14-ans-du-10%c2%b755-5-voyages-dune-valeur-de-1-200-e-a-gagner\/\">cliquant ici<\/a><\/em><br>*<em>La carte 10\u00b755 vous permet de r\u00e9gler tous nos jeux, ainsi que votre note au restaurant et les formules anniversaire enfant. Hors jeux \u00e0 pi\u00e8ce,&nbsp;hors formules-groupe, hors produits de la boutique officielle et non cumulable avec des recharges avantages.<br>Valable uniquement, pour le titulaire de la cagnotte et sa famille proche, illimit\u00e9es dans le temps.<\/em><\/p>\n\n\n\n<div class=\"wp-block-buttons is-layout-flex wp-block-buttons-is-layout-flex\">\n<div class=\"wp-block-button is-style-outline is-style-outline--1\"><a class=\"wp-block-button__link has-white-color has-black-background-color has-text-color has-background wp-element-button\" href=\"http:\/\/labrasserie-1055.fr\" target=\"_blank\" rel=\"noreferrer noopener\">LA BRASSERIE<\/a><\/div>\n\n\n\n<div class=\"wp-block-button is-style-outline is-style-outline--2\"><a class=\"wp-block-button__link has-black-color has-luminous-vivid-amber-background-color has-text-color has-background wp-element-button\" href=\"https:\/\/boutique.1055.fr\/\" style=\"border-radius:100px\">LA BOUTIQUE<\/a><\/div>\n\n\n\n<div class=\"wp-block-button is-style-outline is-style-outline--3\"><a class=\"wp-block-button__link has-vivid-cyan-blue-color has-light-green-cyan-background-color has-text-color has-background wp-element-button\" href=\"https:\/\/www.1055.fr\/besancon\/foire-aux-questions\/\" style=\"border-radius:56px\">Foire Aux Questions<\/a><\/div>\n<\/div>\n","protected":false},"excerpt":{"rendered":"<p>Le groupe 10\u00b755 f\u00eate ses 14 ans du 18 au 24 novembre ! En effet, le tout premier 10\u00b755 a &hellip;<\/p>\n","protected":false},"author":10,"featured_media":5609,"comment_status":"closed","ping_status":"closed","sticky":false,"template":"","format":"standard","meta":{"_acf_changed":false,"inline_featured_image":false,"footnotes":""},"categories":[1],"tags":[],"class_list":["post-5597","post","type-post","status-publish","format-standard","has-post-thumbnail","hentry","category-actualites"],"acf":[],"yoast_head":"<!-- This site is optimized with the Yoast SEO Premium plugin v24.7 (Yoast SEO v24.7) - https:\/\/yoast.com\/wordpress\/plugins\/seo\/ -->\n<title>Semaine exceptionnelle anniversaire | 10\u00b755 Besan\u00e7on<\/title>\n<meta name=\"description\" content=\"Pour les 14 ans du 10\u00b755, on offre des cadeaux et des promotions \u00e0 ne pas rater, ainsi qu&#039;une grande soir\u00e9e d&#039;anniversaire !\" \/>\n<meta name=\"robots\" content=\"index, follow, max-snippet:-1, max-image-preview:large, max-video-preview:-1\" \/>\n<link rel=\"canonical\" href=\"https:\/\/www.1055.fr\/besancon\/le-10\u00b755-fete-ses-14-ans-une-semaine-devenements-doffres-et-de-surprises\/\" \/>\n<meta property=\"og:locale\" content=\"fr_FR\" \/>\n<meta property=\"og:type\" content=\"article\" \/>\n<meta property=\"og:title\" content=\"Le 10\u00b755 f\u00eate ses 14 ans : Une semaine d\u2019\u00e9v\u00e9nements, d\u2019offres et de surprises !\" \/>\n<meta property=\"og:description\" content=\"Pour les 14 ans du 10\u00b755, on offre des cadeaux et des promotions \u00e0 ne pas rater, ainsi qu&#039;une grande soir\u00e9e d&#039;anniversaire !\" \/>\n<meta property=\"og:url\" content=\"https:\/\/www.1055.fr\/besancon\/le-10\u00b755-fete-ses-14-ans-une-semaine-devenements-doffres-et-de-surprises\/\" \/>\n<meta property=\"article:published_time\" content=\"2024-11-18T08:16:17+00:00\" \/>\n<meta property=\"article:modified_time\" content=\"2024-11-18T08:18:09+00:00\" \/>\n<meta property=\"og:image\" content=\"https:\/\/www.1055.fr\/besancon\/contenu\/uploads\/2024\/10\/ACTU-ANNIV-2024.png\" \/>\n\t<meta property=\"og:image:width\" content=\"2534\" \/>\n\t<meta property=\"og:image:height\" content=\"1814\" \/>\n\t<meta property=\"og:image:type\" content=\"image\/png\" \/>\n<meta name=\"author\" content=\"Mathilde\" \/>\n<meta name=\"twitter:card\" content=\"summary_large_image\" \/>\n<meta name=\"twitter:label1\" content=\"\u00c9crit par\" \/>\n\t<meta name=\"twitter:data1\" content=\"Mathilde\" \/>\n\t<meta name=\"twitter:label2\" content=\"Dur\u00e9e de lecture estim\u00e9e\" \/>\n\t<meta name=\"twitter:data2\" content=\"3 minutes\" \/>\n<script type=\"application\/ld+json\" class=\"yoast-schema-graph\">{\"@context\":\"https:\/\/schema.org\",\"@graph\":[{\"@type\":\"Article\",\"@id\":\"https:\/\/www.1055.fr\/besancon\/le-10%c2%b755-fete-ses-14-ans-une-semaine-devenements-doffres-et-de-surprises\/#article\",\"isPartOf\":{\"@id\":\"https:\/\/www.1055.fr\/besancon\/le-10%c2%b755-fete-ses-14-ans-une-semaine-devenements-doffres-et-de-surprises\/\"},\"author\":{\"name\":\"Mathilde\",\"@id\":\"https:\/\/www.1055.fr\/besancon\/#\/schema\/person\/009ee3cb68139c98dcfa3435183ed0ef\"},\"headline\":\"Le 10\u00b755 f\u00eate ses 14 ans : Une semaine d\u2019\u00e9v\u00e9nements, d\u2019offres et de surprises !\",\"datePublished\":\"2024-11-18T08:16:17+00:00\",\"dateModified\":\"2024-11-18T08:18:09+00:00\",\"mainEntityOfPage\":{\"@id\":\"https:\/\/www.1055.fr\/besancon\/le-10%c2%b755-fete-ses-14-ans-une-semaine-devenements-doffres-et-de-surprises\/\"},\"wordCount\":461,\"publisher\":{\"@id\":\"https:\/\/www.1055.fr\/besancon\/#organization\"},\"image\":{\"@id\":\"https:\/\/www.1055.fr\/besancon\/le-10%c2%b755-fete-ses-14-ans-une-semaine-devenements-doffres-et-de-surprises\/#primaryimage\"},\"thumbnailUrl\":\"https:\/\/www.1055.fr\/besancon\/contenu\/uploads\/2024\/10\/ACTU-ANNIV-2024.png\",\"articleSection\":[\"Actualit\u00e9s\"],\"inLanguage\":\"fr-FR\"},{\"@type\":\"WebPage\",\"@id\":\"https:\/\/www.1055.fr\/besancon\/le-10%c2%b755-fete-ses-14-ans-une-semaine-devenements-doffres-et-de-surprises\/\",\"url\":\"https:\/\/www.1055.fr\/besancon\/le-10%c2%b755-fete-ses-14-ans-une-semaine-devenements-doffres-et-de-surprises\/\",\"name\":\"Semaine exceptionnelle anniversaire | 10\u00b755 Besan\u00e7on\",\"isPartOf\":{\"@id\":\"https:\/\/www.1055.fr\/besancon\/#website\"},\"primaryImageOfPage\":{\"@id\":\"https:\/\/www.1055.fr\/besancon\/le-10%c2%b755-fete-ses-14-ans-une-semaine-devenements-doffres-et-de-surprises\/#primaryimage\"},\"image\":{\"@id\":\"https:\/\/www.1055.fr\/besancon\/le-10%c2%b755-fete-ses-14-ans-une-semaine-devenements-doffres-et-de-surprises\/#primaryimage\"},\"thumbnailUrl\":\"https:\/\/www.1055.fr\/besancon\/contenu\/uploads\/2024\/10\/ACTU-ANNIV-2024.png\",\"datePublished\":\"2024-11-18T08:16:17+00:00\",\"dateModified\":\"2024-11-18T08:18:09+00:00\",\"description\":\"Pour les 14 ans du 10\u00b755, on offre des cadeaux et des promotions \u00e0 ne pas rater, ainsi qu'une grande soir\u00e9e d'anniversaire !\",\"breadcrumb\":{\"@id\":\"https:\/\/www.1055.fr\/besancon\/le-10%c2%b755-fete-ses-14-ans-une-semaine-devenements-doffres-et-de-surprises\/#breadcrumb\"},\"inLanguage\":\"fr-FR\",\"potentialAction\":[{\"@type\":\"ReadAction\",\"target\":[\"https:\/\/www.1055.fr\/besancon\/le-10%c2%b755-fete-ses-14-ans-une-semaine-devenements-doffres-et-de-surprises\/\"]}]},{\"@type\":\"ImageObject\",\"inLanguage\":\"fr-FR\",\"@id\":\"https:\/\/www.1055.fr\/besancon\/le-10%c2%b755-fete-ses-14-ans-une-semaine-devenements-doffres-et-de-surprises\/#primaryimage\",\"url\":\"https:\/\/www.1055.fr\/besancon\/contenu\/uploads\/2024\/10\/ACTU-ANNIV-2024.png\",\"contentUrl\":\"https:\/\/www.1055.fr\/besancon\/contenu\/uploads\/2024\/10\/ACTU-ANNIV-2024.png\",\"width\":2534,\"height\":1814},{\"@type\":\"BreadcrumbList\",\"@id\":\"https:\/\/www.1055.fr\/besancon\/le-10%c2%b755-fete-ses-14-ans-une-semaine-devenements-doffres-et-de-surprises\/#breadcrumb\",\"itemListElement\":[{\"@type\":\"ListItem\",\"position\":1,\"name\":\"Home\",\"item\":\"https:\/\/www.1055.fr\/besancon\/\"},{\"@type\":\"ListItem\",\"position\":2,\"name\":\"Le 10\u00b755 f\u00eate ses 14 ans : Une semaine d\u2019\u00e9v\u00e9nements, d\u2019offres et de surprises !\"}]},{\"@type\":\"WebSite\",\"@id\":\"https:\/\/www.1055.fr\/besancon\/#website\",\"url\":\"https:\/\/www.1055.fr\/besancon\/\",\"name\":\"\",\"description\":\"\",\"publisher\":{\"@id\":\"https:\/\/www.1055.fr\/besancon\/#organization\"},\"potentialAction\":[{\"@type\":\"SearchAction\",\"target\":{\"@type\":\"EntryPoint\",\"urlTemplate\":\"https:\/\/www.1055.fr\/besancon\/?s={search_term_string}\"},\"query-input\":{\"@type\":\"PropertyValueSpecification\",\"valueRequired\":true,\"valueName\":\"search_term_string\"}}],\"inLanguage\":\"fr-FR\"},{\"@type\":\"Organization\",\"@id\":\"https:\/\/www.1055.fr\/besancon\/#organization\",\"name\":\"1055 Besan\u00e7on\",\"url\":\"https:\/\/www.1055.fr\/besancon\/\",\"logo\":{\"@type\":\"ImageObject\",\"inLanguage\":\"fr-FR\",\"@id\":\"https:\/\/www.1055.fr\/besancon\/#\/schema\/logo\/image\/\",\"url\":\"https:\/\/www.1055.fr\/besancon\/contenu\/uploads\/2021\/04\/logo-page-2-1.png\",\"contentUrl\":\"https:\/\/www.1055.fr\/besancon\/contenu\/uploads\/2021\/04\/logo-page-2-1.png\",\"width\":120,\"height\":162,\"caption\":\"1055 Besan\u00e7on\"},\"image\":{\"@id\":\"https:\/\/www.1055.fr\/besancon\/#\/schema\/logo\/image\/\"}},{\"@type\":\"Person\",\"@id\":\"https:\/\/www.1055.fr\/besancon\/#\/schema\/person\/009ee3cb68139c98dcfa3435183ed0ef\",\"name\":\"Mathilde\",\"image\":{\"@type\":\"ImageObject\",\"inLanguage\":\"fr-FR\",\"@id\":\"https:\/\/www.1055.fr\/besancon\/#\/schema\/person\/image\/\",\"url\":\"https:\/\/secure.gravatar.com\/avatar\/bd39ea9857c674d14eda60343ebefb724ae659c0d1381cac47fa7ba116747432?s=96&d=mm&r=g\",\"contentUrl\":\"https:\/\/secure.gravatar.com\/avatar\/bd39ea9857c674d14eda60343ebefb724ae659c0d1381cac47fa7ba116747432?s=96&d=mm&r=g\",\"caption\":\"Mathilde\"}}]}<\/script>\n<!-- \/ Yoast SEO Premium plugin. -->","yoast_head_json":{"title":"Semaine exceptionnelle anniversaire | 10\u00b755 Besan\u00e7on","description":"Pour les 14 ans du 10\u00b755, on offre des cadeaux et des promotions \u00e0 ne pas rater, ainsi qu'une grande soir\u00e9e d'anniversaire !","robots":{"index":"index","follow":"follow","max-snippet":"max-snippet:-1","max-image-preview":"max-image-preview:large","max-video-preview":"max-video-preview:-1"},"canonical":"https:\/\/www.1055.fr\/besancon\/le-10\u00b755-fete-ses-14-ans-une-semaine-devenements-doffres-et-de-surprises\/","og_locale":"fr_FR","og_type":"article","og_title":"Le 10\u00b755 f\u00eate ses 14 ans : Une semaine d\u2019\u00e9v\u00e9nements, d\u2019offres et de surprises !","og_description":"Pour les 14 ans du 10\u00b755, on offre des cadeaux et des promotions \u00e0 ne pas rater, ainsi qu'une grande soir\u00e9e d'anniversaire !","og_url":"https:\/\/www.1055.fr\/besancon\/le-10\u00b755-fete-ses-14-ans-une-semaine-devenements-doffres-et-de-surprises\/","article_published_time":"2024-11-18T08:16:17+00:00","article_modified_time":"2024-11-18T08:18:09+00:00","og_image":[{"width":2534,"height":1814,"url":"https:\/\/www.1055.fr\/besancon\/contenu\/uploads\/2024\/10\/ACTU-ANNIV-2024.png","type":"image\/png"}],"author":"Mathilde","twitter_card":"summary_large_image","twitter_misc":{"\u00c9crit par":"Mathilde","Dur\u00e9e de lecture estim\u00e9e":"3 minutes"},"schema":{"@context":"https:\/\/schema.org","@graph":[{"@type":"Article","@id":"https:\/\/www.1055.fr\/besancon\/le-10%c2%b755-fete-ses-14-ans-une-semaine-devenements-doffres-et-de-surprises\/#article","isPartOf":{"@id":"https:\/\/www.1055.fr\/besancon\/le-10%c2%b755-fete-ses-14-ans-une-semaine-devenements-doffres-et-de-surprises\/"},"author":{"name":"Mathilde","@id":"https:\/\/www.1055.fr\/besancon\/#\/schema\/person\/009ee3cb68139c98dcfa3435183ed0ef"},"headline":"Le 10\u00b755 f\u00eate ses 14 ans : Une semaine d\u2019\u00e9v\u00e9nements, d\u2019offres et de surprises !","datePublished":"2024-11-18T08:16:17+00:00","dateModified":"2024-11-18T08:18:09+00:00","mainEntityOfPage":{"@id":"https:\/\/www.1055.fr\/besancon\/le-10%c2%b755-fete-ses-14-ans-une-semaine-devenements-doffres-et-de-surprises\/"},"wordCount":461,"publisher":{"@id":"https:\/\/www.1055.fr\/besancon\/#organization"},"image":{"@id":"https:\/\/www.1055.fr\/besancon\/le-10%c2%b755-fete-ses-14-ans-une-semaine-devenements-doffres-et-de-surprises\/#primaryimage"},"thumbnailUrl":"https:\/\/www.1055.fr\/besancon\/contenu\/uploads\/2024\/10\/ACTU-ANNIV-2024.png","articleSection":["Actualit\u00e9s"],"inLanguage":"fr-FR"},{"@type":"WebPage","@id":"https:\/\/www.1055.fr\/besancon\/le-10%c2%b755-fete-ses-14-ans-une-semaine-devenements-doffres-et-de-surprises\/","url":"https:\/\/www.1055.fr\/besancon\/le-10%c2%b755-fete-ses-14-ans-une-semaine-devenements-doffres-et-de-surprises\/","name":"Semaine exceptionnelle anniversaire | 10\u00b755 Besan\u00e7on","isPartOf":{"@id":"https:\/\/www.1055.fr\/besancon\/#website"},"primaryImageOfPage":{"@id":"https:\/\/www.1055.fr\/besancon\/le-10%c2%b755-fete-ses-14-ans-une-semaine-devenements-doffres-et-de-surprises\/#primaryimage"},"image":{"@id":"https:\/\/www.1055.fr\/besancon\/le-10%c2%b755-fete-ses-14-ans-une-semaine-devenements-doffres-et-de-surprises\/#primaryimage"},"thumbnailUrl":"https:\/\/www.1055.fr\/besancon\/contenu\/uploads\/2024\/10\/ACTU-ANNIV-2024.png","datePublished":"2024-11-18T08:16:17+00:00","dateModified":"2024-11-18T08:18:09+00:00","description":"Pour les 14 ans du 10\u00b755, on offre des cadeaux et des promotions \u00e0 ne pas rater, ainsi qu'une grande soir\u00e9e d'anniversaire !","breadcrumb":{"@id":"https:\/\/www.1055.fr\/besancon\/le-10%c2%b755-fete-ses-14-ans-une-semaine-devenements-doffres-et-de-surprises\/#breadcrumb"},"inLanguage":"fr-FR","potentialAction":[{"@type":"ReadAction","target":["https:\/\/www.1055.fr\/besancon\/le-10%c2%b755-fete-ses-14-ans-une-semaine-devenements-doffres-et-de-surprises\/"]}]},{"@type":"ImageObject","inLanguage":"fr-FR","@id":"https:\/\/www.1055.fr\/besancon\/le-10%c2%b755-fete-ses-14-ans-une-semaine-devenements-doffres-et-de-surprises\/#primaryimage","url":"https:\/\/www.1055.fr\/besancon\/contenu\/uploads\/2024\/10\/ACTU-ANNIV-2024.png","contentUrl":"https:\/\/www.1055.fr\/besancon\/contenu\/uploads\/2024\/10\/ACTU-ANNIV-2024.png","width":2534,"height":1814},{"@type":"BreadcrumbList","@id":"https:\/\/www.1055.fr\/besancon\/le-10%c2%b755-fete-ses-14-ans-une-semaine-devenements-doffres-et-de-surprises\/#breadcrumb","itemListElement":[{"@type":"ListItem","position":1,"name":"Home","item":"https:\/\/www.1055.fr\/besancon\/"},{"@type":"ListItem","position":2,"name":"Le 10\u00b755 f\u00eate ses 14 ans : Une semaine d\u2019\u00e9v\u00e9nements, d\u2019offres et de surprises !"}]},{"@type":"WebSite","@id":"https:\/\/www.1055.fr\/besancon\/#website","url":"https:\/\/www.1055.fr\/besancon\/","name":"","description":"","publisher":{"@id":"https:\/\/www.1055.fr\/besancon\/#organization"},"potentialAction":[{"@type":"SearchAction","target":{"@type":"EntryPoint","urlTemplate":"https:\/\/www.1055.fr\/besancon\/?s={search_term_string}"},"query-input":{"@type":"PropertyValueSpecification","valueRequired":true,"valueName":"search_term_string"}}],"inLanguage":"fr-FR"},{"@type":"Organization","@id":"https:\/\/www.1055.fr\/besancon\/#organization","name":"1055 Besan\u00e7on","url":"https:\/\/www.1055.fr\/besancon\/","logo":{"@type":"ImageObject","inLanguage":"fr-FR","@id":"https:\/\/www.1055.fr\/besancon\/#\/schema\/logo\/image\/","url":"https:\/\/www.1055.fr\/besancon\/contenu\/uploads\/2021\/04\/logo-page-2-1.png","contentUrl":"https:\/\/www.1055.fr\/besancon\/contenu\/uploads\/2021\/04\/logo-page-2-1.png","width":120,"height":162,"caption":"1055 Besan\u00e7on"},"image":{"@id":"https:\/\/www.1055.fr\/besancon\/#\/schema\/logo\/image\/"}},{"@type":"Person","@id":"https:\/\/www.1055.fr\/besancon\/#\/schema\/person\/009ee3cb68139c98dcfa3435183ed0ef","name":"Mathilde","image":{"@type":"ImageObject","inLanguage":"fr-FR","@id":"https:\/\/www.1055.fr\/besancon\/#\/schema\/person\/image\/","url":"https:\/\/secure.gravatar.com\/avatar\/bd39ea9857c674d14eda60343ebefb724ae659c0d1381cac47fa7ba116747432?s=96&d=mm&r=g","contentUrl":"https:\/\/secure.gravatar.com\/avatar\/bd39ea9857c674d14eda60343ebefb724ae659c0d1381cac47fa7ba116747432?s=96&d=mm&r=g","caption":"Mathilde"}}]}},"_links":{"self":[{"href":"https:\/\/www.1055.fr\/besancon\/wp-json\/wp\/v2\/posts\/5597","targetHints":{"allow":["GET"]}}],"collection":[{"href":"https:\/\/www.1055.fr\/besancon\/wp-json\/wp\/v2\/posts"}],"about":[{"href":"https:\/\/www.1055.fr\/besancon\/wp-json\/wp\/v2\/types\/post"}],"author":[{"embeddable":true,"href":"https:\/\/www.1055.fr\/besancon\/wp-json\/wp\/v2\/users\/10"}],"replies":[{"embeddable":true,"href":"https:\/\/www.1055.fr\/besancon\/wp-json\/wp\/v2\/comments?post=5597"}],"version-history":[{"count":2,"href":"https:\/\/www.1055.fr\/besancon\/wp-json\/wp\/v2\/posts\/5597\/revisions"}],"predecessor-version":[{"id":5772,"href":"https:\/\/www.1055.fr\/besancon\/wp-json\/wp\/v2\/posts\/5597\/revisions\/5772"}],"wp:featuredmedia":[{"embeddable":true,"href":"https:\/\/www.1055.fr\/besancon\/wp-json\/wp\/v2\/media\/5609"}],"wp:attachment":[{"href":"https:\/\/www.1055.fr\/besancon\/wp-json\/wp\/v2\/media?parent=5597"}],"wp:term":[{"taxonomy":"category","embeddable":true,"href":"https:\/\/www.1055.fr\/besancon\/wp-json\/wp\/v2\/categories?post=5597"},{"taxonomy":"post_tag","embeddable":true,"href":"https:\/\/www.1055.fr\/besancon\/wp-json\/wp\/v2\/tags?post=5597"}],"curies":[{"name":"wp","href":"https:\/\/api.w.org\/{rel}","templated":true}]}}