{"id":4256,"date":"2024-01-30T16:10:58","date_gmt":"2024-01-30T15:10:58","guid":{"rendered":"https:\/\/www.1055.fr\/besancon\/?p=4256"},"modified":"2024-02-16T12:46:12","modified_gmt":"2024-02-16T11:46:12","slug":"fetez-le-carnaval-a-besancon-au-10-55-un-rendez-vous-festif-a-ne-pas-manquer","status":"publish","type":"post","link":"https:\/\/www.1055.fr\/besancon\/fetez-le-carnaval-a-besancon-au-10-55-un-rendez-vous-festif-a-ne-pas-manquer\/","title":{"rendered":"F\u00eatez le Carnaval \u00e0 Besan\u00e7on au 10.55 : Un rendez-vous festif \u00e0 ne pas manquer"},"content":{"rendered":"\n<p><strong>Le 20 f\u00e9vrier prochain<\/strong>, le 10.55 ouvre ses portes \u00e0 la magie du Carnaval \u00e0 Besan\u00e7on ! Situ\u00e9 au c\u0153ur d&rsquo;un complexe de loisirs, de restaurant et de bi\u00e8res artisanales, <strong>cet \u00e9v\u00e9nement promet une journ\u00e9e inoubliable pour toute la famille.<\/strong><\/p>\n\n\n\n<p>Au programme, une s\u00e9rie d&rsquo;activit\u00e9s palpitantes vous attendent :<\/p>\n\n\n\n<h2 class=\"wp-block-heading\" id=\"h-une-surprise-de-taille-pour-carnaval-a-besancon-50-sur-le-pass-or\"><mark style=\"background-color:rgba(0, 0, 0, 0)\" class=\"has-inline-color has-vivid-purple-color\">Une Surprise de Taille pour Carnaval \u00e0 Besan\u00e7on : -50% sur le Pass Or !*<\/mark><\/h2>\n\n\n\n<div style=\"height:24px\" aria-hidden=\"true\" class=\"wp-block-spacer\"><\/div>\n\n\n\n<div class=\"wp-block-buttons is-content-justification-center is-layout-flex wp-container-core-buttons-is-layout-16018d1d wp-block-buttons-is-layout-flex\">\n<div class=\"wp-block-button\"><a class=\"wp-block-button__link has-black-color has-luminous-vivid-amber-background-color has-text-color has-background has-link-color wp-element-button\" href=\"https:\/\/boutique.1055.fr\/produit\/le-pass-or-carnaval-2024-besancon\/\">J&rsquo;EN PROFITE VITE<\/a><\/div>\n<\/div>\n\n\n\n<div style=\"height:24px\" aria-hidden=\"true\" class=\"wp-block-spacer\"><\/div>\n\n\n\n<p>Plongez dans la f\u00e9\u00e9rie du Carnaval avec une offre exceptionnelle au 10.55 ! <strong>B\u00e9n\u00e9ficiez de 50% de r\u00e9duction sur le Pass Or, uniquement en pr\u00e9-vente sur notre boutique officielle<\/strong> jusqu&rsquo;\u00e0 la veille de l&rsquo;\u00e9v\u00e9nement. Ce Pass vous donnera acc\u00e8s \u00e0 toutes les activit\u00e9s de la journ\u00e9e \u00e0 un prix imbattable. Ne manquez pas cette occasion de profiter pleinement de la f\u00eate ! <strong><mark style=\"background-color:rgba(0, 0, 0, 0)\" class=\"has-inline-color has-luminous-vivid-orange-color\">Attention, cette offre est en quantit\u00e9 limit\u00e9e !!!<\/mark><\/strong><\/p>\n\n\n\n<div class=\"wp-block-buttons is-content-justification-center is-layout-flex wp-container-core-buttons-is-layout-16018d1d wp-block-buttons-is-layout-flex\">\n<div class=\"wp-block-button\"><a class=\"wp-block-button__link has-black-color has-luminous-vivid-amber-background-color has-text-color has-background has-link-color wp-element-button\" href=\"https:\/\/boutique.1055.fr\/produit\/le-pass-or-carnaval-2024-besancon\/\">J&rsquo;EN PROFITE VITE<\/a><\/div>\n<\/div>\n\n\n\n<div style=\"height:27px\" aria-hidden=\"true\" class=\"wp-block-spacer\"><\/div>\n\n\n\n<h2 class=\"wp-block-heading\"><mark style=\"background-color:rgba(0, 0, 0, 0)\" class=\"has-inline-color has-vivid-purple-color\">Des Prestations Rocambolesques vous Attendent au 10.55 de Besan\u00e7on<\/mark><\/h2>\n\n\n\n<p>Atelier Maquillage : au Kid Park de 10h \u00e0 18h, laissez une professionnelle maquiller vos enfants en leur h\u00e9ros et h\u00e9ro\u00efne pr\u00e9f\u00e9r\u00e9e ! Cette prestation est offerte par le 10.55*<\/p>\n\n\n\n<p><strong>Une Boum Enfantine Inoubliable :<\/strong> Offerte avec chaque Pass ou entr\u00e9e au Kid Park achet\u00e9, cette boum sp\u00e9ciale est r\u00e9serv\u00e9e aux enfants de moins de 12 ans. De 16h \u00e0 20h (horaires pouvant varier), ils pourront danser, jouer et se r\u00e9galer de bonbons, sirops, chips et une part de pizza par enfant. Ne manquez pas cette occasion de faire briller les yeux de vos petits et de les plonger dans une atmosph\u00e8re de f\u00eate inoubliable \u00e0 Besan\u00e7on !<\/p>\n\n\n\n<div class=\"wp-block-columns is-layout-flex wp-container-core-columns-is-layout-9d6595d7 wp-block-columns-is-layout-flex\">\n<div class=\"wp-block-column is-layout-flow wp-block-column-is-layout-flow\">\n<figure class=\"wp-block-image size-large\"><img decoding=\"async\" width=\"1024\" height=\"683\" src=\"https:\/\/www.1055.fr\/besancon\/contenu\/uploads\/2024\/01\/ours-3-1024x683.jpg\" alt=\"\" class=\"wp-image-4257\" srcset=\"https:\/\/www.1055.fr\/besancon\/contenu\/uploads\/2024\/01\/ours-3-1024x683.jpg 1024w, https:\/\/www.1055.fr\/besancon\/contenu\/uploads\/2024\/01\/ours-3-300x200.jpg 300w, https:\/\/www.1055.fr\/besancon\/contenu\/uploads\/2024\/01\/ours-3-768x512.jpg 768w, https:\/\/www.1055.fr\/besancon\/contenu\/uploads\/2024\/01\/ours-3-1536x1024.jpg 1536w, https:\/\/www.1055.fr\/besancon\/contenu\/uploads\/2024\/01\/ours-3-2048x1365.jpg 2048w, https:\/\/www.1055.fr\/besancon\/contenu\/uploads\/2024\/01\/ours-3-24x16.jpg 24w, https:\/\/www.1055.fr\/besancon\/contenu\/uploads\/2024\/01\/ours-3-36x24.jpg 36w, https:\/\/www.1055.fr\/besancon\/contenu\/uploads\/2024\/01\/ours-3-48x32.jpg 48w\" sizes=\"(max-width: 767px) 89vw, (max-width: 1000px) 54vw, (max-width: 1071px) 543px, 580px\" \/><\/figure>\n<\/div>\n\n\n\n<div class=\"wp-block-column is-layout-flow wp-block-column-is-layout-flow\">\n<figure class=\"wp-block-image size-large\"><img decoding=\"async\" width=\"1024\" height=\"683\" src=\"https:\/\/www.1055.fr\/besancon\/contenu\/uploads\/2024\/01\/ours-4-1024x683.jpg\" alt=\"\" class=\"wp-image-4258\" srcset=\"https:\/\/www.1055.fr\/besancon\/contenu\/uploads\/2024\/01\/ours-4-1024x683.jpg 1024w, https:\/\/www.1055.fr\/besancon\/contenu\/uploads\/2024\/01\/ours-4-300x200.jpg 300w, https:\/\/www.1055.fr\/besancon\/contenu\/uploads\/2024\/01\/ours-4-768x512.jpg 768w, https:\/\/www.1055.fr\/besancon\/contenu\/uploads\/2024\/01\/ours-4-1536x1024.jpg 1536w, https:\/\/www.1055.fr\/besancon\/contenu\/uploads\/2024\/01\/ours-4-2048x1365.jpg 2048w, https:\/\/www.1055.fr\/besancon\/contenu\/uploads\/2024\/01\/ours-4-24x16.jpg 24w, https:\/\/www.1055.fr\/besancon\/contenu\/uploads\/2024\/01\/ours-4-36x24.jpg 36w, https:\/\/www.1055.fr\/besancon\/contenu\/uploads\/2024\/01\/ours-4-48x32.jpg 48w\" sizes=\"(max-width: 767px) 89vw, (max-width: 1000px) 54vw, (max-width: 1071px) 543px, 580px\" \/><\/figure>\n<\/div>\n<\/div>\n\n\n\n<h2 class=\"wp-block-heading\"><mark style=\"background-color:rgba(0, 0, 0, 0)\" class=\"has-inline-color has-vivid-purple-color\">Repars avec un Super Cadeau pour Carnaval !<\/mark><\/h2>\n\n\n\n<p>Pour chaque enfant d\u00e9guis\u00e9, <strong>un bon vous est offert pour une prochaine visite au 10.55 \u00e0 Besan\u00e7on !<\/strong> Ne manquez pas cette opportunit\u00e9 de faire durer la f\u00eate et de repartir avec un souvenir m\u00e9morable de ce Carnaval*<\/p>\n\n\n\n<p>Et apr\u00e8s une journ\u00e9e remplie de festivit\u00e9s, prolongez le plaisir en vous r\u00e9galant \u00e0 la brasserie du 10.55 \u00e0 Besan\u00e7on ! D\u00e9couvrez nos plats savoureux et des boissons rafra\u00eechissantes dans une atmosph\u00e8re conviviale et chaleureuse. R\u00e9servez d\u00e8s maintenant votre table et cl\u00f4turez en beaut\u00e9 cette journ\u00e9e de Carnaval au 10.55 \u00e0 Besan\u00e7on !<\/p>\n\n\n\n<div style=\"height:35px\" aria-hidden=\"true\" class=\"wp-block-spacer\"><\/div>\n\n\n\n<div class=\"wp-block-buttons is-content-justification-center is-layout-flex wp-container-core-buttons-is-layout-16018d1d wp-block-buttons-is-layout-flex\" style=\"text-transform:uppercase\">\n<div class=\"wp-block-button\"><a class=\"wp-block-button__link has-white-color has-text-color has-link-color wp-element-button\" href=\"https:\/\/bookings.zenchef.com\/results?rid=358039&amp;pid=1001\">R\u00e9servez au restaurant<\/a><\/div>\n<\/div>\n\n\n\n<hr class=\"wp-block-separator has-alpha-channel-opacity\"\/>\n\n\n\n<p>*<em><strong>Pass \u00e0 -50%<\/strong><\/em> : <em>Offre non cumulable avec d\u2019autres offres et non remboursable<\/em> \u2013 <em>Pass Or =<\/em> <em>Jeux illimit\u00e9 selon disponibilit\u00e9. Hors jeux \u00e0 pi\u00e8ce, restauration et formules anniversaire. Nous ne sommes pas responsables si certaines activit\u00e9s sont compl\u00e8tes sans r\u00e9servation. Le Pass or et\/ou votre ticket ne vous donne pas la priorit\u00e9 sur nos activit\u00e9s : liste d\u2019attente et 1 partie \u00e0 la fois. La r\u00e9servation en ligne ne vous rend pas prioritaire. Les chaussettes antid\u00e9rapantes sont obligatoires dans certaines de nos activit\u00e9s, en vente sur place.<br>La direction s\u2019octroie le droit pour le Trampoline Park, ou tout autre activit\u00e9 sans cr\u00e9neaux, d\u2019organiser des sessions de 20min renouvelables en cas de forte affluence pour des raisons de s\u00e9curit\u00e9<\/em><br><em><strong>Session de maquillage<\/strong> : selon disponibilit\u00e9 <br><strong>Bon offert<\/strong> : valable uniquement pour une prochaine visite, non valable le jour-j<\/em>, enfants de moins de 12 ans uniquement avec achat d&rsquo;une entr\u00e9e<br><em><strong>Boum des enfants <\/strong>: r\u00e9serv\u00e9e aux enfants de moins de 12 ans au Kid Park. Parent accompagnant : 1\u20ac<\/em><\/p>\n\n\n\n<hr class=\"wp-block-separator has-alpha-channel-opacity\"\/>\n\n\n\n<div class=\"wp-block-buttons is-layout-flex wp-block-buttons-is-layout-flex\">\n<div class=\"wp-block-button is-style-outline is-style-outline--1\"><a class=\"wp-block-button__link has-white-color has-black-background-color has-text-color has-background wp-element-button\" href=\"http:\/\/labrasserie-1055.fr\" target=\"_blank\" rel=\"noreferrer noopener\">LA BRASSERIE<\/a><\/div>\n\n\n\n<div class=\"wp-block-button is-style-outline is-style-outline--2\"><a class=\"wp-block-button__link has-black-color has-luminous-vivid-amber-background-color has-text-color has-background wp-element-button\" href=\"https:\/\/boutique.1055.fr\/\" style=\"border-radius:100px\">LA BOUTIQUE<\/a><\/div>\n\n\n\n<div class=\"wp-block-button is-style-outline is-style-outline--3\"><a class=\"wp-block-button__link has-vivid-cyan-blue-color has-light-green-cyan-background-color has-text-color has-background wp-element-button\" href=\"https:\/\/www.1055.fr\/besancon\/foire-aux-questions\/\" style=\"border-radius:56px\">Foire Aux Questions<\/a><\/div>\n<\/div>\n","protected":false},"excerpt":{"rendered":"<p>Le Carnaval au 10.55 c&rsquo;est le 20 f\u00e9vrier ! Retenez bien la date !!! Vite le Pass Or \u00e0 -50% sur notre boutique officielle.<\/p>\n","protected":false},"author":10,"featured_media":4259,"comment_status":"closed","ping_status":"closed","sticky":false,"template":"","format":"standard","meta":{"_acf_changed":false,"inline_featured_image":false,"footnotes":""},"categories":[1],"tags":[],"class_list":["post-4256","post","type-post","status-publish","format-standard","has-post-thumbnail","hentry","category-actualites"],"acf":[],"yoast_head":"<!-- This site is optimized with the Yoast SEO Premium plugin v24.7 (Yoast SEO v24.7) - https:\/\/yoast.com\/wordpress\/plugins\/seo\/ -->\n<title>Carnaval \u00e0 Besan\u00e7on | F\u00eatez-le au 10.55 | Complexe de Loisirs<\/title>\n<meta name=\"description\" content=\"O\u00f9 f\u00eater Carnaval \u00e0 Besan\u00e7on? Au 10.55 notre complexe g\u00e9ant de Loisirs Indoor et Outdoor, Restaurant, avec une offre exceptionnelle et des animations\" \/>\n<meta name=\"robots\" content=\"index, follow, max-snippet:-1, max-image-preview:large, max-video-preview:-1\" \/>\n<link rel=\"canonical\" href=\"https:\/\/www.1055.fr\/besancon\/fetez-le-carnaval-a-besancon-au-10-55-un-rendez-vous-festif-a-ne-pas-manquer\/\" \/>\n<meta property=\"og:locale\" content=\"fr_FR\" \/>\n<meta property=\"og:type\" content=\"article\" \/>\n<meta property=\"og:title\" content=\"F\u00eatez le Carnaval \u00e0 Besan\u00e7on au 10.55 : Un rendez-vous festif \u00e0 ne pas manquer\" \/>\n<meta property=\"og:description\" content=\"O\u00f9 f\u00eater Carnaval \u00e0 Besan\u00e7on? Au 10.55 notre complexe g\u00e9ant de Loisirs Indoor et Outdoor, Restaurant, avec une offre exceptionnelle et des animations\" \/>\n<meta property=\"og:url\" content=\"https:\/\/www.1055.fr\/besancon\/fetez-le-carnaval-a-besancon-au-10-55-un-rendez-vous-festif-a-ne-pas-manquer\/\" \/>\n<meta property=\"article:published_time\" content=\"2024-01-30T15:10:58+00:00\" \/>\n<meta property=\"article:modified_time\" content=\"2024-02-16T11:46:12+00:00\" \/>\n<meta property=\"og:image\" content=\"https:\/\/www.1055.fr\/besancon\/contenu\/uploads\/2024\/01\/actu-CARNAVAL.png\" \/>\n\t<meta property=\"og:image:width\" content=\"608\" \/>\n\t<meta property=\"og:image:height\" content=\"435\" \/>\n\t<meta property=\"og:image:type\" content=\"image\/png\" \/>\n<meta name=\"author\" content=\"Mathilde\" \/>\n<meta name=\"twitter:card\" content=\"summary_large_image\" \/>\n<meta name=\"twitter:label1\" content=\"\u00c9crit par\" \/>\n\t<meta name=\"twitter:data1\" content=\"Mathilde\" \/>\n\t<meta name=\"twitter:label2\" content=\"Dur\u00e9e de lecture estim\u00e9e\" \/>\n\t<meta name=\"twitter:data2\" content=\"3 minutes\" \/>\n<script type=\"application\/ld+json\" class=\"yoast-schema-graph\">{\"@context\":\"https:\/\/schema.org\",\"@graph\":[{\"@type\":\"Article\",\"@id\":\"https:\/\/www.1055.fr\/besancon\/fetez-le-carnaval-a-besancon-au-10-55-un-rendez-vous-festif-a-ne-pas-manquer\/#article\",\"isPartOf\":{\"@id\":\"https:\/\/www.1055.fr\/besancon\/fetez-le-carnaval-a-besancon-au-10-55-un-rendez-vous-festif-a-ne-pas-manquer\/\"},\"author\":{\"name\":\"Mathilde\",\"@id\":\"https:\/\/www.1055.fr\/besancon\/#\/schema\/person\/009ee3cb68139c98dcfa3435183ed0ef\"},\"headline\":\"F\u00eatez le Carnaval \u00e0 Besan\u00e7on au 10.55 : Un rendez-vous festif \u00e0 ne pas manquer\",\"datePublished\":\"2024-01-30T15:10:58+00:00\",\"dateModified\":\"2024-02-16T11:46:12+00:00\",\"mainEntityOfPage\":{\"@id\":\"https:\/\/www.1055.fr\/besancon\/fetez-le-carnaval-a-besancon-au-10-55-un-rendez-vous-festif-a-ne-pas-manquer\/\"},\"wordCount\":556,\"publisher\":{\"@id\":\"https:\/\/www.1055.fr\/besancon\/#organization\"},\"image\":{\"@id\":\"https:\/\/www.1055.fr\/besancon\/fetez-le-carnaval-a-besancon-au-10-55-un-rendez-vous-festif-a-ne-pas-manquer\/#primaryimage\"},\"thumbnailUrl\":\"https:\/\/www.1055.fr\/besancon\/contenu\/uploads\/2024\/01\/actu-CARNAVAL.png\",\"articleSection\":[\"Actualit\u00e9s\"],\"inLanguage\":\"fr-FR\"},{\"@type\":\"WebPage\",\"@id\":\"https:\/\/www.1055.fr\/besancon\/fetez-le-carnaval-a-besancon-au-10-55-un-rendez-vous-festif-a-ne-pas-manquer\/\",\"url\":\"https:\/\/www.1055.fr\/besancon\/fetez-le-carnaval-a-besancon-au-10-55-un-rendez-vous-festif-a-ne-pas-manquer\/\",\"name\":\"Carnaval \u00e0 Besan\u00e7on | F\u00eatez-le au 10.55 | Complexe de Loisirs\",\"isPartOf\":{\"@id\":\"https:\/\/www.1055.fr\/besancon\/#website\"},\"primaryImageOfPage\":{\"@id\":\"https:\/\/www.1055.fr\/besancon\/fetez-le-carnaval-a-besancon-au-10-55-un-rendez-vous-festif-a-ne-pas-manquer\/#primaryimage\"},\"image\":{\"@id\":\"https:\/\/www.1055.fr\/besancon\/fetez-le-carnaval-a-besancon-au-10-55-un-rendez-vous-festif-a-ne-pas-manquer\/#primaryimage\"},\"thumbnailUrl\":\"https:\/\/www.1055.fr\/besancon\/contenu\/uploads\/2024\/01\/actu-CARNAVAL.png\",\"datePublished\":\"2024-01-30T15:10:58+00:00\",\"dateModified\":\"2024-02-16T11:46:12+00:00\",\"description\":\"O\u00f9 f\u00eater Carnaval \u00e0 Besan\u00e7on? Au 10.55 notre complexe g\u00e9ant de Loisirs Indoor et Outdoor, Restaurant, avec une offre exceptionnelle et des animations\",\"breadcrumb\":{\"@id\":\"https:\/\/www.1055.fr\/besancon\/fetez-le-carnaval-a-besancon-au-10-55-un-rendez-vous-festif-a-ne-pas-manquer\/#breadcrumb\"},\"inLanguage\":\"fr-FR\",\"potentialAction\":[{\"@type\":\"ReadAction\",\"target\":[\"https:\/\/www.1055.fr\/besancon\/fetez-le-carnaval-a-besancon-au-10-55-un-rendez-vous-festif-a-ne-pas-manquer\/\"]}]},{\"@type\":\"ImageObject\",\"inLanguage\":\"fr-FR\",\"@id\":\"https:\/\/www.1055.fr\/besancon\/fetez-le-carnaval-a-besancon-au-10-55-un-rendez-vous-festif-a-ne-pas-manquer\/#primaryimage\",\"url\":\"https:\/\/www.1055.fr\/besancon\/contenu\/uploads\/2024\/01\/actu-CARNAVAL.png\",\"contentUrl\":\"https:\/\/www.1055.fr\/besancon\/contenu\/uploads\/2024\/01\/actu-CARNAVAL.png\",\"width\":608,\"height\":435},{\"@type\":\"BreadcrumbList\",\"@id\":\"https:\/\/www.1055.fr\/besancon\/fetez-le-carnaval-a-besancon-au-10-55-un-rendez-vous-festif-a-ne-pas-manquer\/#breadcrumb\",\"itemListElement\":[{\"@type\":\"ListItem\",\"position\":1,\"name\":\"Home\",\"item\":\"https:\/\/www.1055.fr\/besancon\/\"},{\"@type\":\"ListItem\",\"position\":2,\"name\":\"F\u00eatez le Carnaval \u00e0 Besan\u00e7on au 10.55 : Un rendez-vous festif \u00e0 ne pas manquer\"}]},{\"@type\":\"WebSite\",\"@id\":\"https:\/\/www.1055.fr\/besancon\/#website\",\"url\":\"https:\/\/www.1055.fr\/besancon\/\",\"name\":\"\",\"description\":\"\",\"publisher\":{\"@id\":\"https:\/\/www.1055.fr\/besancon\/#organization\"},\"potentialAction\":[{\"@type\":\"SearchAction\",\"target\":{\"@type\":\"EntryPoint\",\"urlTemplate\":\"https:\/\/www.1055.fr\/besancon\/?s={search_term_string}\"},\"query-input\":{\"@type\":\"PropertyValueSpecification\",\"valueRequired\":true,\"valueName\":\"search_term_string\"}}],\"inLanguage\":\"fr-FR\"},{\"@type\":\"Organization\",\"@id\":\"https:\/\/www.1055.fr\/besancon\/#organization\",\"name\":\"1055 Besan\u00e7on\",\"url\":\"https:\/\/www.1055.fr\/besancon\/\",\"logo\":{\"@type\":\"ImageObject\",\"inLanguage\":\"fr-FR\",\"@id\":\"https:\/\/www.1055.fr\/besancon\/#\/schema\/logo\/image\/\",\"url\":\"https:\/\/www.1055.fr\/besancon\/contenu\/uploads\/2021\/04\/logo-page-2-1.png\",\"contentUrl\":\"https:\/\/www.1055.fr\/besancon\/contenu\/uploads\/2021\/04\/logo-page-2-1.png\",\"width\":120,\"height\":162,\"caption\":\"1055 Besan\u00e7on\"},\"image\":{\"@id\":\"https:\/\/www.1055.fr\/besancon\/#\/schema\/logo\/image\/\"}},{\"@type\":\"Person\",\"@id\":\"https:\/\/www.1055.fr\/besancon\/#\/schema\/person\/009ee3cb68139c98dcfa3435183ed0ef\",\"name\":\"Mathilde\",\"image\":{\"@type\":\"ImageObject\",\"inLanguage\":\"fr-FR\",\"@id\":\"https:\/\/www.1055.fr\/besancon\/#\/schema\/person\/image\/\",\"url\":\"https:\/\/secure.gravatar.com\/avatar\/bd39ea9857c674d14eda60343ebefb724ae659c0d1381cac47fa7ba116747432?s=96&d=mm&r=g\",\"contentUrl\":\"https:\/\/secure.gravatar.com\/avatar\/bd39ea9857c674d14eda60343ebefb724ae659c0d1381cac47fa7ba116747432?s=96&d=mm&r=g\",\"caption\":\"Mathilde\"}}]}<\/script>\n<!-- \/ Yoast SEO Premium plugin. -->","yoast_head_json":{"title":"Carnaval \u00e0 Besan\u00e7on | F\u00eatez-le au 10.55 | Complexe de Loisirs","description":"O\u00f9 f\u00eater Carnaval \u00e0 Besan\u00e7on? Au 10.55 notre complexe g\u00e9ant de Loisirs Indoor et Outdoor, Restaurant, avec une offre exceptionnelle et des animations","robots":{"index":"index","follow":"follow","max-snippet":"max-snippet:-1","max-image-preview":"max-image-preview:large","max-video-preview":"max-video-preview:-1"},"canonical":"https:\/\/www.1055.fr\/besancon\/fetez-le-carnaval-a-besancon-au-10-55-un-rendez-vous-festif-a-ne-pas-manquer\/","og_locale":"fr_FR","og_type":"article","og_title":"F\u00eatez le Carnaval \u00e0 Besan\u00e7on au 10.55 : Un rendez-vous festif \u00e0 ne pas manquer","og_description":"O\u00f9 f\u00eater Carnaval \u00e0 Besan\u00e7on? Au 10.55 notre complexe g\u00e9ant de Loisirs Indoor et Outdoor, Restaurant, avec une offre exceptionnelle et des animations","og_url":"https:\/\/www.1055.fr\/besancon\/fetez-le-carnaval-a-besancon-au-10-55-un-rendez-vous-festif-a-ne-pas-manquer\/","article_published_time":"2024-01-30T15:10:58+00:00","article_modified_time":"2024-02-16T11:46:12+00:00","og_image":[{"width":608,"height":435,"url":"https:\/\/www.1055.fr\/besancon\/contenu\/uploads\/2024\/01\/actu-CARNAVAL.png","type":"image\/png"}],"author":"Mathilde","twitter_card":"summary_large_image","twitter_misc":{"\u00c9crit par":"Mathilde","Dur\u00e9e de lecture estim\u00e9e":"3 minutes"},"schema":{"@context":"https:\/\/schema.org","@graph":[{"@type":"Article","@id":"https:\/\/www.1055.fr\/besancon\/fetez-le-carnaval-a-besancon-au-10-55-un-rendez-vous-festif-a-ne-pas-manquer\/#article","isPartOf":{"@id":"https:\/\/www.1055.fr\/besancon\/fetez-le-carnaval-a-besancon-au-10-55-un-rendez-vous-festif-a-ne-pas-manquer\/"},"author":{"name":"Mathilde","@id":"https:\/\/www.1055.fr\/besancon\/#\/schema\/person\/009ee3cb68139c98dcfa3435183ed0ef"},"headline":"F\u00eatez le Carnaval \u00e0 Besan\u00e7on au 10.55 : Un rendez-vous festif \u00e0 ne pas manquer","datePublished":"2024-01-30T15:10:58+00:00","dateModified":"2024-02-16T11:46:12+00:00","mainEntityOfPage":{"@id":"https:\/\/www.1055.fr\/besancon\/fetez-le-carnaval-a-besancon-au-10-55-un-rendez-vous-festif-a-ne-pas-manquer\/"},"wordCount":556,"publisher":{"@id":"https:\/\/www.1055.fr\/besancon\/#organization"},"image":{"@id":"https:\/\/www.1055.fr\/besancon\/fetez-le-carnaval-a-besancon-au-10-55-un-rendez-vous-festif-a-ne-pas-manquer\/#primaryimage"},"thumbnailUrl":"https:\/\/www.1055.fr\/besancon\/contenu\/uploads\/2024\/01\/actu-CARNAVAL.png","articleSection":["Actualit\u00e9s"],"inLanguage":"fr-FR"},{"@type":"WebPage","@id":"https:\/\/www.1055.fr\/besancon\/fetez-le-carnaval-a-besancon-au-10-55-un-rendez-vous-festif-a-ne-pas-manquer\/","url":"https:\/\/www.1055.fr\/besancon\/fetez-le-carnaval-a-besancon-au-10-55-un-rendez-vous-festif-a-ne-pas-manquer\/","name":"Carnaval \u00e0 Besan\u00e7on | F\u00eatez-le au 10.55 | Complexe de Loisirs","isPartOf":{"@id":"https:\/\/www.1055.fr\/besancon\/#website"},"primaryImageOfPage":{"@id":"https:\/\/www.1055.fr\/besancon\/fetez-le-carnaval-a-besancon-au-10-55-un-rendez-vous-festif-a-ne-pas-manquer\/#primaryimage"},"image":{"@id":"https:\/\/www.1055.fr\/besancon\/fetez-le-carnaval-a-besancon-au-10-55-un-rendez-vous-festif-a-ne-pas-manquer\/#primaryimage"},"thumbnailUrl":"https:\/\/www.1055.fr\/besancon\/contenu\/uploads\/2024\/01\/actu-CARNAVAL.png","datePublished":"2024-01-30T15:10:58+00:00","dateModified":"2024-02-16T11:46:12+00:00","description":"O\u00f9 f\u00eater Carnaval \u00e0 Besan\u00e7on? Au 10.55 notre complexe g\u00e9ant de Loisirs Indoor et Outdoor, Restaurant, avec une offre exceptionnelle et des animations","breadcrumb":{"@id":"https:\/\/www.1055.fr\/besancon\/fetez-le-carnaval-a-besancon-au-10-55-un-rendez-vous-festif-a-ne-pas-manquer\/#breadcrumb"},"inLanguage":"fr-FR","potentialAction":[{"@type":"ReadAction","target":["https:\/\/www.1055.fr\/besancon\/fetez-le-carnaval-a-besancon-au-10-55-un-rendez-vous-festif-a-ne-pas-manquer\/"]}]},{"@type":"ImageObject","inLanguage":"fr-FR","@id":"https:\/\/www.1055.fr\/besancon\/fetez-le-carnaval-a-besancon-au-10-55-un-rendez-vous-festif-a-ne-pas-manquer\/#primaryimage","url":"https:\/\/www.1055.fr\/besancon\/contenu\/uploads\/2024\/01\/actu-CARNAVAL.png","contentUrl":"https:\/\/www.1055.fr\/besancon\/contenu\/uploads\/2024\/01\/actu-CARNAVAL.png","width":608,"height":435},{"@type":"BreadcrumbList","@id":"https:\/\/www.1055.fr\/besancon\/fetez-le-carnaval-a-besancon-au-10-55-un-rendez-vous-festif-a-ne-pas-manquer\/#breadcrumb","itemListElement":[{"@type":"ListItem","position":1,"name":"Home","item":"https:\/\/www.1055.fr\/besancon\/"},{"@type":"ListItem","position":2,"name":"F\u00eatez le Carnaval \u00e0 Besan\u00e7on au 10.55 : Un rendez-vous festif \u00e0 ne pas manquer"}]},{"@type":"WebSite","@id":"https:\/\/www.1055.fr\/besancon\/#website","url":"https:\/\/www.1055.fr\/besancon\/","name":"","description":"","publisher":{"@id":"https:\/\/www.1055.fr\/besancon\/#organization"},"potentialAction":[{"@type":"SearchAction","target":{"@type":"EntryPoint","urlTemplate":"https:\/\/www.1055.fr\/besancon\/?s={search_term_string}"},"query-input":{"@type":"PropertyValueSpecification","valueRequired":true,"valueName":"search_term_string"}}],"inLanguage":"fr-FR"},{"@type":"Organization","@id":"https:\/\/www.1055.fr\/besancon\/#organization","name":"1055 Besan\u00e7on","url":"https:\/\/www.1055.fr\/besancon\/","logo":{"@type":"ImageObject","inLanguage":"fr-FR","@id":"https:\/\/www.1055.fr\/besancon\/#\/schema\/logo\/image\/","url":"https:\/\/www.1055.fr\/besancon\/contenu\/uploads\/2021\/04\/logo-page-2-1.png","contentUrl":"https:\/\/www.1055.fr\/besancon\/contenu\/uploads\/2021\/04\/logo-page-2-1.png","width":120,"height":162,"caption":"1055 Besan\u00e7on"},"image":{"@id":"https:\/\/www.1055.fr\/besancon\/#\/schema\/logo\/image\/"}},{"@type":"Person","@id":"https:\/\/www.1055.fr\/besancon\/#\/schema\/person\/009ee3cb68139c98dcfa3435183ed0ef","name":"Mathilde","image":{"@type":"ImageObject","inLanguage":"fr-FR","@id":"https:\/\/www.1055.fr\/besancon\/#\/schema\/person\/image\/","url":"https:\/\/secure.gravatar.com\/avatar\/bd39ea9857c674d14eda60343ebefb724ae659c0d1381cac47fa7ba116747432?s=96&d=mm&r=g","contentUrl":"https:\/\/secure.gravatar.com\/avatar\/bd39ea9857c674d14eda60343ebefb724ae659c0d1381cac47fa7ba116747432?s=96&d=mm&r=g","caption":"Mathilde"}}]}},"_links":{"self":[{"href":"https:\/\/www.1055.fr\/besancon\/wp-json\/wp\/v2\/posts\/4256","targetHints":{"allow":["GET"]}}],"collection":[{"href":"https:\/\/www.1055.fr\/besancon\/wp-json\/wp\/v2\/posts"}],"about":[{"href":"https:\/\/www.1055.fr\/besancon\/wp-json\/wp\/v2\/types\/post"}],"author":[{"embeddable":true,"href":"https:\/\/www.1055.fr\/besancon\/wp-json\/wp\/v2\/users\/10"}],"replies":[{"embeddable":true,"href":"https:\/\/www.1055.fr\/besancon\/wp-json\/wp\/v2\/comments?post=4256"}],"version-history":[{"count":2,"href":"https:\/\/www.1055.fr\/besancon\/wp-json\/wp\/v2\/posts\/4256\/revisions"}],"predecessor-version":[{"id":4348,"href":"https:\/\/www.1055.fr\/besancon\/wp-json\/wp\/v2\/posts\/4256\/revisions\/4348"}],"wp:featuredmedia":[{"embeddable":true,"href":"https:\/\/www.1055.fr\/besancon\/wp-json\/wp\/v2\/media\/4259"}],"wp:attachment":[{"href":"https:\/\/www.1055.fr\/besancon\/wp-json\/wp\/v2\/media?parent=4256"}],"wp:term":[{"taxonomy":"category","embeddable":true,"href":"https:\/\/www.1055.fr\/besancon\/wp-json\/wp\/v2\/categories?post=4256"},{"taxonomy":"post_tag","embeddable":true,"href":"https:\/\/www.1055.fr\/besancon\/wp-json\/wp\/v2\/tags?post=4256"}],"curies":[{"name":"wp","href":"https:\/\/api.w.org\/{rel}","templated":true}]}}