{"id":2290,"date":"2023-01-30T11:55:15","date_gmt":"2023-01-30T10:55:15","guid":{"rendered":"https:\/\/www.1055.fr\/besancon\/?p=2290"},"modified":"2023-02-07T09:59:06","modified_gmt":"2023-02-07T08:59:06","slug":"carnaval-a-besancon-cest-le-22-fevrier","status":"publish","type":"post","link":"https:\/\/www.1055.fr\/besancon\/carnaval-a-besancon-cest-le-22-fevrier\/","title":{"rendered":"Carnaval \u00e0 Besan\u00e7on : c&rsquo;est le 22 f\u00e9vrier !"},"content":{"rendered":"<h2>Et vous, vous avez pr\u00e9vu quoi pour Carnaval \u00e0 Besan\u00e7on ?<\/h2>\n<h1><span style=\"color: #ff6600;\">Le mercredi 22 f\u00e9vrier, venez vous amuser au 10.55 de Besan\u00e7on\/Chalezeule pour Carnaval !<\/span><\/h1>\n<h2>Une offre incroyable \u00e0 ne pas manquer : le Pass illimit\u00e9 pour 10\u20ac*<\/h2>\n<p>Pour que tout le monde puisse venir f\u00eater Carnaval, nous vous proposons<span style=\"color: #0000ff;\"><strong> le Pass illimit\u00e9 (Pass Or) au prix cass\u00e9 de 10\u20ac !<\/strong> <\/span><strong>Attention, cette offre est disponible uniquement en pr\u00e9-achat sur la boutique officielle<\/strong>. Il est important de bien comprendre qu&rsquo;en pr\u00e9-achetant votre ticket \u00e0 10\u20ac, <strong>vous n&rsquo;avez pas acc\u00e8s \u00e0 la r\u00e9servation de vos activit\u00e9s.<\/strong> La r\u00e9servation se fait en plein tarif,<a href=\"http:\/\/reservation-besancon.1055.fr\"> sur notre site de r\u00e9servation.<\/a> Pas de panique ! Toutes nos surprises sur place vous permettront de patienter et de profiter de Carnaval comme il se doit !<\/p>\n<p>Le pr\u00e9-achat \u00e0 10\u20ac <span style=\"color: #0000ff;\"><strong>sera disponible le mercredi 08 f\u00e9vrier jusqu&rsquo;au 21 f\u00e9vrier<\/strong><\/span> <a href=\"http:\/\/boutique.1055.fr\">en cliquant ici<\/a><\/p>\n<h2>Des surprises pour Carnaval, afin de passer un vrai moment de f\u00eate !<\/h2>\n<p>Vous avez jou\u00e9 le jeu et vous et\/ou vos enfants<strong><span style=\"color: #008000;\"> \u00eates venus d\u00e9guis\u00e9s ?<\/span><\/strong> Vous aurez en cadeau<span style=\"color: #008000;\"><strong> un bon 1 activit\u00e9 au choix*<\/strong><\/span> \u00e0 utiliser pour votre prochaine venue ! Mais ce n&rsquo;est pas tout, le Jour-J, pour Carnaval,<span style=\"color: #008000;\"><strong> plein de prestations offertes par le 10.55 vous attendent :<\/strong> <\/span><\/p>\n<h4>Une maquilleuse au Kid Park pour les enfants :<\/h4>\n<p>Attention, il y a toujours beaucoup d&rsquo;enfants int\u00e9ress\u00e9s par cet atelier &#8230; De l&rsquo;attente est \u00e0 pr\u00e9voir, et c&rsquo;est selon disponibilit\u00e9 : la maquilleuse fait au mieux \ud83d\ude0a<\/p>\n<p><img decoding=\"async\" class=\"alignnone size-medium wp-image-2293\" src=\"https:\/\/www.1055.fr\/besancon\/contenu\/uploads\/2023\/01\/MicrosoftTeams-image-11-200x300.jpg\" alt=\"\" width=\"200\" height=\"300\" srcset=\"https:\/\/www.1055.fr\/besancon\/contenu\/uploads\/2023\/01\/MicrosoftTeams-image-11-200x300.jpg 200w, https:\/\/www.1055.fr\/besancon\/contenu\/uploads\/2023\/01\/MicrosoftTeams-image-11-683x1024.jpg 683w, https:\/\/www.1055.fr\/besancon\/contenu\/uploads\/2023\/01\/MicrosoftTeams-image-11-768x1152.jpg 768w, https:\/\/www.1055.fr\/besancon\/contenu\/uploads\/2023\/01\/MicrosoftTeams-image-11-1024x1536.jpg 1024w, https:\/\/www.1055.fr\/besancon\/contenu\/uploads\/2023\/01\/MicrosoftTeams-image-11-16x24.jpg 16w, https:\/\/www.1055.fr\/besancon\/contenu\/uploads\/2023\/01\/MicrosoftTeams-image-11-24x36.jpg 24w, https:\/\/www.1055.fr\/besancon\/contenu\/uploads\/2023\/01\/MicrosoftTeams-image-11-32x48.jpg 32w, https:\/\/www.1055.fr\/besancon\/contenu\/uploads\/2023\/01\/MicrosoftTeams-image-11.jpg 1365w\" sizes=\"(max-width: 200px) 100vw, 200px\" \/><\/p>\n<h4>Un \u00e9chassier pour vivre un moment po\u00e9tique et un jongleur qui accompagne cette parade !<\/h4>\n<p>Pour carnaval le 22 f\u00e9vrier, nous accueillons un \u00e9chassier pour vous faire r\u00eaver ! Nous aurons aussi la chance d&rsquo;avoir d&rsquo;autres prestataires super fun pour l&rsquo;occasion, mais on ne d\u00e9voile pas tout! ! \u00c9galement, Dixie, notre mascotte, passera vous dire bonjour.<\/p>\n<p><img decoding=\"async\" class=\"alignnone size-medium wp-image-2294\" src=\"https:\/\/www.1055.fr\/besancon\/contenu\/uploads\/2023\/01\/279A3976-300x200.jpg\" alt=\"\" width=\"300\" height=\"200\" srcset=\"https:\/\/www.1055.fr\/besancon\/contenu\/uploads\/2023\/01\/279A3976-300x200.jpg 300w, https:\/\/www.1055.fr\/besancon\/contenu\/uploads\/2023\/01\/279A3976-1024x683.jpg 1024w, https:\/\/www.1055.fr\/besancon\/contenu\/uploads\/2023\/01\/279A3976-768x512.jpg 768w, https:\/\/www.1055.fr\/besancon\/contenu\/uploads\/2023\/01\/279A3976-1536x1024.jpg 1536w, https:\/\/www.1055.fr\/besancon\/contenu\/uploads\/2023\/01\/279A3976-24x16.jpg 24w, https:\/\/www.1055.fr\/besancon\/contenu\/uploads\/2023\/01\/279A3976-36x24.jpg 36w, https:\/\/www.1055.fr\/besancon\/contenu\/uploads\/2023\/01\/279A3976-48x32.jpg 48w, https:\/\/www.1055.fr\/besancon\/contenu\/uploads\/2023\/01\/279A3976.jpg 2048w\" sizes=\"(max-width: 300px) 100vw, 300px\" \/><\/p>\n<p><img decoding=\"async\" class=\"alignnone size-medium wp-image-2295\" src=\"https:\/\/www.1055.fr\/besancon\/contenu\/uploads\/2023\/01\/Mascotte-24-200x300.jpg\" alt=\"\" width=\"200\" height=\"300\" srcset=\"https:\/\/www.1055.fr\/besancon\/contenu\/uploads\/2023\/01\/Mascotte-24-200x300.jpg 200w, https:\/\/www.1055.fr\/besancon\/contenu\/uploads\/2023\/01\/Mascotte-24-683x1024.jpg 683w, https:\/\/www.1055.fr\/besancon\/contenu\/uploads\/2023\/01\/Mascotte-24-768x1152.jpg 768w, https:\/\/www.1055.fr\/besancon\/contenu\/uploads\/2023\/01\/Mascotte-24-1024x1536.jpg 1024w, https:\/\/www.1055.fr\/besancon\/contenu\/uploads\/2023\/01\/Mascotte-24-16x24.jpg 16w, https:\/\/www.1055.fr\/besancon\/contenu\/uploads\/2023\/01\/Mascotte-24-24x36.jpg 24w, https:\/\/www.1055.fr\/besancon\/contenu\/uploads\/2023\/01\/Mascotte-24-32x48.jpg 32w, https:\/\/www.1055.fr\/besancon\/contenu\/uploads\/2023\/01\/Mascotte-24.jpg 1365w\" sizes=\"(max-width: 200px) 100vw, 200px\" \/><\/p>\n<h4><strong>Une boum au Kid Park<\/strong> : pour tout achat d&rsquo;un Pass \u00e0 10\u20ac ou d&rsquo;une entr\u00e9e Kid Park, l&rsquo;entr\u00e9e \u00e0 la boum est OFFERTE !<\/h4>\n<p><strong>La boum comprend :<\/strong><\/p>\n<p>Buffet avec Pizza, chips et bonbons<br \/>\nDancefloor avec boule \u00e0 facettes et musique !<\/p>\n<hr \/>\n<p><em>*Pass Or \u00e0 10\u20ac uniquement en pr\u00e9-achat sur la boutique officielle, hors r\u00e9servation, uniquement valable le Jour-J, aucun remboursement n&rsquo;est garanti si le ticket n&rsquo;est pas honor\u00e9. Permet d&rsquo;acc\u00e9der \u00e0 tous nos jeux en illimit\u00e9 hors restauration, petite restauration, hors jeux \u00e0 pi\u00e8ce, hors formule anniversaire, non cumulable avec d&rsquo;autres offres &#8211; Selon disponibilit\u00e9, selon file d&rsquo;attente, de l&rsquo;attente est \u00e0 pr\u00e9voir les jours de forte affluence. Chaussettes antid\u00e9rapantes obligatoire dans certaines activit\u00e9s : en vente sur place 2\u20ac <\/em><\/p>\n<p><em>Bon activit\u00e9 au choix offert pour votre prochain venue au 10.55, uniquement si d\u00e9guis\u00e9.e. Bon activit\u00e9 au choix hors Tac-Tic Room et R\u00e9alit\u00e9 Virtuelle et Lancer de H\u00e2ches<\/em><\/p>\n<p><em>Toutes les prestations de Carnaval sont offertes par le 10.55 \u2192 maquilleuse selon disponibilit\u00e9 et affluence. <\/em><\/p>\n<p><em>Photos non-contractuelles car prises au 10.55 de Lons-le-Saunier<\/em><\/p>\n<hr \/>\n<p>Abonnez-vous \u00e0 notre page Facebook \u2192<a href=\"https:\/\/www.facebook.com\/1055besanconchalezeule\/\"> 10.55 Besan\u00e7on<\/a><\/p>\n<p>Suivez-nous sur Instagram \u2192 <a href=\"https:\/\/www.instagram.com\/1055.besancon\/\">10.55 Besan\u00e7on<\/a><\/p>\n<p>R\u00e9servez une table \u00e0 la Brasserie du 10.55 \u2192 <a href=\"https:\/\/www.labrasserie-1055.fr\/\">Notre Restaurant<\/a><\/p>\n","protected":false},"excerpt":{"rendered":"<p>Et vous, vous avez pr\u00e9vu quoi pour Carnaval \u00e0 Besan\u00e7on ? Le mercredi 22 f\u00e9vrier, venez vous amuser au 10.55 &hellip;<\/p>\n","protected":false},"author":10,"featured_media":2297,"comment_status":"closed","ping_status":"closed","sticky":false,"template":"","format":"standard","meta":{"_acf_changed":false,"inline_featured_image":false,"footnotes":""},"categories":[1],"tags":[],"class_list":["post-2290","post","type-post","status-publish","format-standard","has-post-thumbnail","hentry","category-actualites"],"acf":[],"yoast_head":"<!-- This site is optimized with the Yoast SEO Premium plugin v24.7 (Yoast SEO v24.7) - https:\/\/yoast.com\/wordpress\/plugins\/seo\/ -->\n<title>Carnaval \u00e0 Besan\u00e7on : c&#039;est le 22 f\u00e9vrier !<\/title>\n<meta name=\"description\" content=\"Vous ne savez pas o\u00f9 f\u00eater Carnaval ? C&#039;est facile, venez au 10.55 ! Des surprises toute la journ\u00e9e pour vous faire r\u00eave.\" \/>\n<meta name=\"robots\" content=\"index, follow, max-snippet:-1, max-image-preview:large, max-video-preview:-1\" \/>\n<link rel=\"canonical\" href=\"https:\/\/www.1055.fr\/besancon\/carnaval-a-besancon-cest-le-22-fevrier\/\" \/>\n<meta property=\"og:locale\" content=\"fr_FR\" \/>\n<meta property=\"og:type\" content=\"article\" \/>\n<meta property=\"og:title\" content=\"Carnaval \u00e0 Besan\u00e7on : c&#039;est le 22 f\u00e9vrier !\" \/>\n<meta property=\"og:description\" content=\"Vous ne savez pas o\u00f9 f\u00eater Carnaval ? C&#039;est facile, venez au 10.55 ! Des surprises toute la journ\u00e9e pour vous faire r\u00eave.\" \/>\n<meta property=\"og:url\" content=\"https:\/\/www.1055.fr\/besancon\/carnaval-a-besancon-cest-le-22-fevrier\/\" \/>\n<meta property=\"article:published_time\" content=\"2023-01-30T10:55:15+00:00\" \/>\n<meta property=\"article:modified_time\" content=\"2023-02-07T08:59:06+00:00\" \/>\n<meta property=\"og:image\" content=\"https:\/\/www.1055.fr\/besancon\/contenu\/uploads\/2023\/01\/actu-CARNAVAL.jpg\" \/>\n\t<meta property=\"og:image:width\" content=\"608\" \/>\n\t<meta property=\"og:image:height\" content=\"435\" \/>\n\t<meta property=\"og:image:type\" content=\"image\/jpeg\" \/>\n<meta name=\"author\" content=\"Mathilde\" \/>\n<meta name=\"twitter:card\" content=\"summary_large_image\" \/>\n<meta name=\"twitter:label1\" content=\"\u00c9crit par\" \/>\n\t<meta name=\"twitter:data1\" content=\"Mathilde\" \/>\n\t<meta name=\"twitter:label2\" content=\"Dur\u00e9e de lecture estim\u00e9e\" \/>\n\t<meta name=\"twitter:data2\" content=\"4 minutes\" \/>\n<script type=\"application\/ld+json\" class=\"yoast-schema-graph\">{\"@context\":\"https:\/\/schema.org\",\"@graph\":[{\"@type\":\"Article\",\"@id\":\"https:\/\/www.1055.fr\/besancon\/carnaval-a-besancon-cest-le-22-fevrier\/#article\",\"isPartOf\":{\"@id\":\"https:\/\/www.1055.fr\/besancon\/carnaval-a-besancon-cest-le-22-fevrier\/\"},\"author\":{\"name\":\"Mathilde\",\"@id\":\"https:\/\/www.1055.fr\/besancon\/#\/schema\/person\/009ee3cb68139c98dcfa3435183ed0ef\"},\"headline\":\"Carnaval \u00e0 Besan\u00e7on : c&rsquo;est le 22 f\u00e9vrier !\",\"datePublished\":\"2023-01-30T10:55:15+00:00\",\"dateModified\":\"2023-02-07T08:59:06+00:00\",\"mainEntityOfPage\":{\"@id\":\"https:\/\/www.1055.fr\/besancon\/carnaval-a-besancon-cest-le-22-fevrier\/\"},\"wordCount\":489,\"publisher\":{\"@id\":\"https:\/\/www.1055.fr\/besancon\/#organization\"},\"image\":{\"@id\":\"https:\/\/www.1055.fr\/besancon\/carnaval-a-besancon-cest-le-22-fevrier\/#primaryimage\"},\"thumbnailUrl\":\"https:\/\/www.1055.fr\/besancon\/contenu\/uploads\/2023\/01\/actu-CARNAVAL.jpg\",\"articleSection\":[\"Actualit\u00e9s\"],\"inLanguage\":\"fr-FR\"},{\"@type\":\"WebPage\",\"@id\":\"https:\/\/www.1055.fr\/besancon\/carnaval-a-besancon-cest-le-22-fevrier\/\",\"url\":\"https:\/\/www.1055.fr\/besancon\/carnaval-a-besancon-cest-le-22-fevrier\/\",\"name\":\"Carnaval \u00e0 Besan\u00e7on : c'est le 22 f\u00e9vrier !\",\"isPartOf\":{\"@id\":\"https:\/\/www.1055.fr\/besancon\/#website\"},\"primaryImageOfPage\":{\"@id\":\"https:\/\/www.1055.fr\/besancon\/carnaval-a-besancon-cest-le-22-fevrier\/#primaryimage\"},\"image\":{\"@id\":\"https:\/\/www.1055.fr\/besancon\/carnaval-a-besancon-cest-le-22-fevrier\/#primaryimage\"},\"thumbnailUrl\":\"https:\/\/www.1055.fr\/besancon\/contenu\/uploads\/2023\/01\/actu-CARNAVAL.jpg\",\"datePublished\":\"2023-01-30T10:55:15+00:00\",\"dateModified\":\"2023-02-07T08:59:06+00:00\",\"description\":\"Vous ne savez pas o\u00f9 f\u00eater Carnaval ? C'est facile, venez au 10.55 ! Des surprises toute la journ\u00e9e pour vous faire r\u00eave.\",\"breadcrumb\":{\"@id\":\"https:\/\/www.1055.fr\/besancon\/carnaval-a-besancon-cest-le-22-fevrier\/#breadcrumb\"},\"inLanguage\":\"fr-FR\",\"potentialAction\":[{\"@type\":\"ReadAction\",\"target\":[\"https:\/\/www.1055.fr\/besancon\/carnaval-a-besancon-cest-le-22-fevrier\/\"]}]},{\"@type\":\"ImageObject\",\"inLanguage\":\"fr-FR\",\"@id\":\"https:\/\/www.1055.fr\/besancon\/carnaval-a-besancon-cest-le-22-fevrier\/#primaryimage\",\"url\":\"https:\/\/www.1055.fr\/besancon\/contenu\/uploads\/2023\/01\/actu-CARNAVAL.jpg\",\"contentUrl\":\"https:\/\/www.1055.fr\/besancon\/contenu\/uploads\/2023\/01\/actu-CARNAVAL.jpg\",\"width\":608,\"height\":435},{\"@type\":\"BreadcrumbList\",\"@id\":\"https:\/\/www.1055.fr\/besancon\/carnaval-a-besancon-cest-le-22-fevrier\/#breadcrumb\",\"itemListElement\":[{\"@type\":\"ListItem\",\"position\":1,\"name\":\"Home\",\"item\":\"https:\/\/www.1055.fr\/besancon\/\"},{\"@type\":\"ListItem\",\"position\":2,\"name\":\"Carnaval \u00e0 Besan\u00e7on : c&#8217;est le 22 f\u00e9vrier !\"}]},{\"@type\":\"WebSite\",\"@id\":\"https:\/\/www.1055.fr\/besancon\/#website\",\"url\":\"https:\/\/www.1055.fr\/besancon\/\",\"name\":\"\",\"description\":\"\",\"publisher\":{\"@id\":\"https:\/\/www.1055.fr\/besancon\/#organization\"},\"potentialAction\":[{\"@type\":\"SearchAction\",\"target\":{\"@type\":\"EntryPoint\",\"urlTemplate\":\"https:\/\/www.1055.fr\/besancon\/?s={search_term_string}\"},\"query-input\":{\"@type\":\"PropertyValueSpecification\",\"valueRequired\":true,\"valueName\":\"search_term_string\"}}],\"inLanguage\":\"fr-FR\"},{\"@type\":\"Organization\",\"@id\":\"https:\/\/www.1055.fr\/besancon\/#organization\",\"name\":\"1055 Besan\u00e7on\",\"url\":\"https:\/\/www.1055.fr\/besancon\/\",\"logo\":{\"@type\":\"ImageObject\",\"inLanguage\":\"fr-FR\",\"@id\":\"https:\/\/www.1055.fr\/besancon\/#\/schema\/logo\/image\/\",\"url\":\"https:\/\/www.1055.fr\/besancon\/contenu\/uploads\/2021\/04\/logo-page-2-1.png\",\"contentUrl\":\"https:\/\/www.1055.fr\/besancon\/contenu\/uploads\/2021\/04\/logo-page-2-1.png\",\"width\":120,\"height\":162,\"caption\":\"1055 Besan\u00e7on\"},\"image\":{\"@id\":\"https:\/\/www.1055.fr\/besancon\/#\/schema\/logo\/image\/\"}},{\"@type\":\"Person\",\"@id\":\"https:\/\/www.1055.fr\/besancon\/#\/schema\/person\/009ee3cb68139c98dcfa3435183ed0ef\",\"name\":\"Mathilde\",\"image\":{\"@type\":\"ImageObject\",\"inLanguage\":\"fr-FR\",\"@id\":\"https:\/\/www.1055.fr\/besancon\/#\/schema\/person\/image\/\",\"url\":\"https:\/\/secure.gravatar.com\/avatar\/bd39ea9857c674d14eda60343ebefb724ae659c0d1381cac47fa7ba116747432?s=96&d=mm&r=g\",\"contentUrl\":\"https:\/\/secure.gravatar.com\/avatar\/bd39ea9857c674d14eda60343ebefb724ae659c0d1381cac47fa7ba116747432?s=96&d=mm&r=g\",\"caption\":\"Mathilde\"}}]}<\/script>\n<!-- \/ Yoast SEO Premium plugin. -->","yoast_head_json":{"title":"Carnaval \u00e0 Besan\u00e7on : c'est le 22 f\u00e9vrier !","description":"Vous ne savez pas o\u00f9 f\u00eater Carnaval ? C'est facile, venez au 10.55 ! Des surprises toute la journ\u00e9e pour vous faire r\u00eave.","robots":{"index":"index","follow":"follow","max-snippet":"max-snippet:-1","max-image-preview":"max-image-preview:large","max-video-preview":"max-video-preview:-1"},"canonical":"https:\/\/www.1055.fr\/besancon\/carnaval-a-besancon-cest-le-22-fevrier\/","og_locale":"fr_FR","og_type":"article","og_title":"Carnaval \u00e0 Besan\u00e7on : c'est le 22 f\u00e9vrier !","og_description":"Vous ne savez pas o\u00f9 f\u00eater Carnaval ? C'est facile, venez au 10.55 ! Des surprises toute la journ\u00e9e pour vous faire r\u00eave.","og_url":"https:\/\/www.1055.fr\/besancon\/carnaval-a-besancon-cest-le-22-fevrier\/","article_published_time":"2023-01-30T10:55:15+00:00","article_modified_time":"2023-02-07T08:59:06+00:00","og_image":[{"width":608,"height":435,"url":"https:\/\/www.1055.fr\/besancon\/contenu\/uploads\/2023\/01\/actu-CARNAVAL.jpg","type":"image\/jpeg"}],"author":"Mathilde","twitter_card":"summary_large_image","twitter_misc":{"\u00c9crit par":"Mathilde","Dur\u00e9e de lecture estim\u00e9e":"4 minutes"},"schema":{"@context":"https:\/\/schema.org","@graph":[{"@type":"Article","@id":"https:\/\/www.1055.fr\/besancon\/carnaval-a-besancon-cest-le-22-fevrier\/#article","isPartOf":{"@id":"https:\/\/www.1055.fr\/besancon\/carnaval-a-besancon-cest-le-22-fevrier\/"},"author":{"name":"Mathilde","@id":"https:\/\/www.1055.fr\/besancon\/#\/schema\/person\/009ee3cb68139c98dcfa3435183ed0ef"},"headline":"Carnaval \u00e0 Besan\u00e7on : c&rsquo;est le 22 f\u00e9vrier !","datePublished":"2023-01-30T10:55:15+00:00","dateModified":"2023-02-07T08:59:06+00:00","mainEntityOfPage":{"@id":"https:\/\/www.1055.fr\/besancon\/carnaval-a-besancon-cest-le-22-fevrier\/"},"wordCount":489,"publisher":{"@id":"https:\/\/www.1055.fr\/besancon\/#organization"},"image":{"@id":"https:\/\/www.1055.fr\/besancon\/carnaval-a-besancon-cest-le-22-fevrier\/#primaryimage"},"thumbnailUrl":"https:\/\/www.1055.fr\/besancon\/contenu\/uploads\/2023\/01\/actu-CARNAVAL.jpg","articleSection":["Actualit\u00e9s"],"inLanguage":"fr-FR"},{"@type":"WebPage","@id":"https:\/\/www.1055.fr\/besancon\/carnaval-a-besancon-cest-le-22-fevrier\/","url":"https:\/\/www.1055.fr\/besancon\/carnaval-a-besancon-cest-le-22-fevrier\/","name":"Carnaval \u00e0 Besan\u00e7on : c'est le 22 f\u00e9vrier !","isPartOf":{"@id":"https:\/\/www.1055.fr\/besancon\/#website"},"primaryImageOfPage":{"@id":"https:\/\/www.1055.fr\/besancon\/carnaval-a-besancon-cest-le-22-fevrier\/#primaryimage"},"image":{"@id":"https:\/\/www.1055.fr\/besancon\/carnaval-a-besancon-cest-le-22-fevrier\/#primaryimage"},"thumbnailUrl":"https:\/\/www.1055.fr\/besancon\/contenu\/uploads\/2023\/01\/actu-CARNAVAL.jpg","datePublished":"2023-01-30T10:55:15+00:00","dateModified":"2023-02-07T08:59:06+00:00","description":"Vous ne savez pas o\u00f9 f\u00eater Carnaval ? C'est facile, venez au 10.55 ! Des surprises toute la journ\u00e9e pour vous faire r\u00eave.","breadcrumb":{"@id":"https:\/\/www.1055.fr\/besancon\/carnaval-a-besancon-cest-le-22-fevrier\/#breadcrumb"},"inLanguage":"fr-FR","potentialAction":[{"@type":"ReadAction","target":["https:\/\/www.1055.fr\/besancon\/carnaval-a-besancon-cest-le-22-fevrier\/"]}]},{"@type":"ImageObject","inLanguage":"fr-FR","@id":"https:\/\/www.1055.fr\/besancon\/carnaval-a-besancon-cest-le-22-fevrier\/#primaryimage","url":"https:\/\/www.1055.fr\/besancon\/contenu\/uploads\/2023\/01\/actu-CARNAVAL.jpg","contentUrl":"https:\/\/www.1055.fr\/besancon\/contenu\/uploads\/2023\/01\/actu-CARNAVAL.jpg","width":608,"height":435},{"@type":"BreadcrumbList","@id":"https:\/\/www.1055.fr\/besancon\/carnaval-a-besancon-cest-le-22-fevrier\/#breadcrumb","itemListElement":[{"@type":"ListItem","position":1,"name":"Home","item":"https:\/\/www.1055.fr\/besancon\/"},{"@type":"ListItem","position":2,"name":"Carnaval \u00e0 Besan\u00e7on : c&#8217;est le 22 f\u00e9vrier !"}]},{"@type":"WebSite","@id":"https:\/\/www.1055.fr\/besancon\/#website","url":"https:\/\/www.1055.fr\/besancon\/","name":"","description":"","publisher":{"@id":"https:\/\/www.1055.fr\/besancon\/#organization"},"potentialAction":[{"@type":"SearchAction","target":{"@type":"EntryPoint","urlTemplate":"https:\/\/www.1055.fr\/besancon\/?s={search_term_string}"},"query-input":{"@type":"PropertyValueSpecification","valueRequired":true,"valueName":"search_term_string"}}],"inLanguage":"fr-FR"},{"@type":"Organization","@id":"https:\/\/www.1055.fr\/besancon\/#organization","name":"1055 Besan\u00e7on","url":"https:\/\/www.1055.fr\/besancon\/","logo":{"@type":"ImageObject","inLanguage":"fr-FR","@id":"https:\/\/www.1055.fr\/besancon\/#\/schema\/logo\/image\/","url":"https:\/\/www.1055.fr\/besancon\/contenu\/uploads\/2021\/04\/logo-page-2-1.png","contentUrl":"https:\/\/www.1055.fr\/besancon\/contenu\/uploads\/2021\/04\/logo-page-2-1.png","width":120,"height":162,"caption":"1055 Besan\u00e7on"},"image":{"@id":"https:\/\/www.1055.fr\/besancon\/#\/schema\/logo\/image\/"}},{"@type":"Person","@id":"https:\/\/www.1055.fr\/besancon\/#\/schema\/person\/009ee3cb68139c98dcfa3435183ed0ef","name":"Mathilde","image":{"@type":"ImageObject","inLanguage":"fr-FR","@id":"https:\/\/www.1055.fr\/besancon\/#\/schema\/person\/image\/","url":"https:\/\/secure.gravatar.com\/avatar\/bd39ea9857c674d14eda60343ebefb724ae659c0d1381cac47fa7ba116747432?s=96&d=mm&r=g","contentUrl":"https:\/\/secure.gravatar.com\/avatar\/bd39ea9857c674d14eda60343ebefb724ae659c0d1381cac47fa7ba116747432?s=96&d=mm&r=g","caption":"Mathilde"}}]}},"_links":{"self":[{"href":"https:\/\/www.1055.fr\/besancon\/wp-json\/wp\/v2\/posts\/2290","targetHints":{"allow":["GET"]}}],"collection":[{"href":"https:\/\/www.1055.fr\/besancon\/wp-json\/wp\/v2\/posts"}],"about":[{"href":"https:\/\/www.1055.fr\/besancon\/wp-json\/wp\/v2\/types\/post"}],"author":[{"embeddable":true,"href":"https:\/\/www.1055.fr\/besancon\/wp-json\/wp\/v2\/users\/10"}],"replies":[{"embeddable":true,"href":"https:\/\/www.1055.fr\/besancon\/wp-json\/wp\/v2\/comments?post=2290"}],"version-history":[{"count":2,"href":"https:\/\/www.1055.fr\/besancon\/wp-json\/wp\/v2\/posts\/2290\/revisions"}],"predecessor-version":[{"id":2362,"href":"https:\/\/www.1055.fr\/besancon\/wp-json\/wp\/v2\/posts\/2290\/revisions\/2362"}],"wp:featuredmedia":[{"embeddable":true,"href":"https:\/\/www.1055.fr\/besancon\/wp-json\/wp\/v2\/media\/2297"}],"wp:attachment":[{"href":"https:\/\/www.1055.fr\/besancon\/wp-json\/wp\/v2\/media?parent=2290"}],"wp:term":[{"taxonomy":"category","embeddable":true,"href":"https:\/\/www.1055.fr\/besancon\/wp-json\/wp\/v2\/categories?post=2290"},{"taxonomy":"post_tag","embeddable":true,"href":"https:\/\/www.1055.fr\/besancon\/wp-json\/wp\/v2\/tags?post=2290"}],"curies":[{"name":"wp","href":"https:\/\/api.w.org\/{rel}","templated":true}]}}