{"id":2195,"date":"2023-01-19T15:43:57","date_gmt":"2023-01-19T14:43:57","guid":{"rendered":"https:\/\/www.1055.fr\/besancon\/?p=2195"},"modified":"2023-01-19T16:01:38","modified_gmt":"2023-01-19T15:01:38","slug":"la-saint-valentin-le-14-fevrier-jpeux-pas-jai-bowling","status":"publish","type":"post","link":"https:\/\/www.1055.fr\/besancon\/la-saint-valentin-le-14-fevrier-jpeux-pas-jai-bowling\/","title":{"rendered":"La Saint Valentin le 14 f\u00e9vrier ? J&rsquo;peux pas, j&rsquo;ai bowling !"},"content":{"rendered":"<div class=\"entry-content\">\n<h1><span style=\"color: #ff0000;\">La Saint Valentin au 10.55 se transforme en \u00ab\u00a0SANS\u00a0\u00bb Valentin \u2026<\/span><\/h1>\n<p>Vous n\u2019\u00eates pas un.e grand.e fan de la Saint Valentin ? Vous pr\u00e9f\u00e9rez venir vous amuser entre ami.es ? <strong><span style=\"color: #d6096c;\">Venez au 10.55 le 14 f\u00e9vrier !\u00a0<\/span> <\/strong><\/p>\n<p>Au contraire, <span style=\"color: #d6096c;\"><strong>vous adorez la Saint Valentin<\/strong><\/span> et vous cherchez un endroit <span style=\"color: #d6096c;\"><strong>atypique<\/strong> <\/span>pour la c\u00e9l\u00e9brer avec votre moiti\u00e9 ? Venez aussi, au 10.55 pour le 14 f\u00e9vrier !<\/p>\n<h2>Un menu sp\u00e9cial Saint Valentin, que vous soyez en couple ou pas !+ 1 partie de Bowling offerte<\/h2>\n<h2 style=\"text-align: center;\">29.90\u20ac (uniquement le soir)<\/h2>\n<p style=\"text-align: center;\"><img decoding=\"async\" class=\"wp-image-7510 aligncenter\" src=\"https:\/\/www.1055.fr\/lons-le-saunier\/contenu\/uploads\/2022\/01\/heart-droite-300x300.png\" sizes=\"(max-width: 91px) 100vw, 91px\" srcset=\"https:\/\/www.1055.fr\/lons-le-saunier\/contenu\/uploads\/2022\/01\/heart-droite-300x300.png 300w, https:\/\/www.1055.fr\/lons-le-saunier\/contenu\/uploads\/2022\/01\/heart-droite-1024x1024.png 1024w, https:\/\/www.1055.fr\/lons-le-saunier\/contenu\/uploads\/2022\/01\/heart-droite-150x150.png 150w, https:\/\/www.1055.fr\/lons-le-saunier\/contenu\/uploads\/2022\/01\/heart-droite-768x768.png 768w, https:\/\/www.1055.fr\/lons-le-saunier\/contenu\/uploads\/2022\/01\/heart-droite-1536x1536.png 1536w, https:\/\/www.1055.fr\/lons-le-saunier\/contenu\/uploads\/2022\/01\/heart-droite-2048x2048.png 2048w, https:\/\/www.1055.fr\/lons-le-saunier\/contenu\/uploads\/2022\/01\/heart-droite-246x246.png 246w, https:\/\/www.1055.fr\/lons-le-saunier\/contenu\/uploads\/2022\/01\/heart-droite-100x100.png 100w, https:\/\/www.1055.fr\/lons-le-saunier\/contenu\/uploads\/2022\/01\/heart-droite-340x338.png 340w, https:\/\/www.1055.fr\/lons-le-saunier\/contenu\/uploads\/2022\/01\/heart-droite-24x24.png 24w, https:\/\/www.1055.fr\/lons-le-saunier\/contenu\/uploads\/2022\/01\/heart-droite-36x36.png 36w, https:\/\/www.1055.fr\/lons-le-saunier\/contenu\/uploads\/2022\/01\/heart-droite-48x48.png 48w\" alt=\"\" width=\"91\" height=\"91\" \/><\/p>\n<p style=\"text-align: center;\"><span style=\"color: #d6096c;\"><strong>Cro\u00fbte aux champignons<\/strong><\/span><\/p>\n<p style=\"text-align: center;\"><strong><span style=\"color: #ff0000;\">Filet de canette sauce aux framboises, servi avec fagot de haricots verts &amp; pommes de terre r\u00f4ties<\/span> <\/strong><\/p>\n<p style=\"text-align: center;\"><span style=\"color: #d6096c;\"><strong>La Folie Douce : Mousse au cr\u00e9mant du Jura, compot\u00e9e acidul\u00e9e \u00e0 la framboise et biscuit aux amandes <\/strong><\/span><br \/>\n<span style=\"color: #d6096c;\"><strong>+1 partie de bowling <\/strong><\/span><\/p>\n<p>N\u2019h\u00e9sitez plus et r\u00e9server d\u00e8s maintenant une table \u00e0 <a href=\"https:\/\/www.labrasserie-1055.fr\/\">la Brasserie du 10.55 en cliquant ici<\/a><\/p>\n<p><strong>Le +, c&rsquo;est un caricaturiste qui sera pr\u00e9sent sur place pour vous refaire le portrait ! *<\/strong><br \/>\n<em>*Prestation offerte par le 10.55 selon disponibilit\u00e9<\/em><\/p>\n<h2>La surprise \u00e0 ne pas rater si tu t\u2019appelles Valentin ou Valentine<\/h2>\n<p>Tu t\u2019appelles Valentin ou Valentine ? On a une surprise pour toi ! <span style=\"color: #d6096c;\"><strong>Le PASS ILLIMITE (Pass Or) est OFFERT le 14 f\u00e9vrier*<\/strong> !<\/span> En effet, chaque ann\u00e9e le jour de ta f\u00eate est destin\u00e9 \u00e0 l\u2019am\u00fb\u00fb\u00fbr, aux couples et aux sorties \u00e0 2 \u2026 Cette ann\u00e9e, on te met \u00e0 l\u2019honneur en t\u2019offrant le Pass Or !<\/p>\n<p>Le ticket est d\u00e9j\u00e0 valable en pr\u00e9-achat sur <a href=\"https:\/\/boutique.1055.fr\/\">notre boutique officielle en cliquant ici<\/a><\/p>\n<p><em>*Sous pr\u00e9sentation d\u2019un justificatif. Pr\u00e9nom, ne fonctionne pas pour le nom de famille. Pass Or = toutes les activit\u00e9s en illimit\u00e9 hors jeux \u00e0 pi\u00e8ces, restauration, formules anniversaire \u2013 non cumulable avec d\u2019autres offres. Offre valable d\u00e8s 10h, uniquement le jour de l\u2019\u00e9v\u00e9nement <span style=\"color: #d6096c;\"><strong>(14 f\u00e9vrier 2023)<\/strong><\/span><\/em><\/p>\n<p><img decoding=\"async\" class=\"size-medium wp-image-9114 aligncenter\" src=\"https:\/\/www.1055.fr\/lons-le-saunier\/contenu\/uploads\/2023\/01\/Perso_Sans_Valentin-300x200.png\" sizes=\"(max-width: 300px) 100vw, 300px\" srcset=\"https:\/\/www.1055.fr\/lons-le-saunier\/contenu\/uploads\/2023\/01\/Perso_Sans_Valentin-300x200.png 300w, https:\/\/www.1055.fr\/lons-le-saunier\/contenu\/uploads\/2023\/01\/Perso_Sans_Valentin-24x16.png 24w, https:\/\/www.1055.fr\/lons-le-saunier\/contenu\/uploads\/2023\/01\/Perso_Sans_Valentin-36x24.png 36w, https:\/\/www.1055.fr\/lons-le-saunier\/contenu\/uploads\/2023\/01\/Perso_Sans_Valentin-48x32.png 48w, https:\/\/www.1055.fr\/lons-le-saunier\/contenu\/uploads\/2023\/01\/Perso_Sans_Valentin.png 450w\" alt=\"\" width=\"300\" height=\"200\" \/><\/p>\n<p><span style=\"color: #000000;\"><strong>Le saviez-vous ?<\/strong><\/span> D\u00e9sormais au 10.55, vous pouvez d\u00e9guster<span style=\"color: #000000;\"><strong> nos superbes bi\u00e8res artisanales<\/strong><\/span> brass\u00e9es en plein c\u0153ur de notre complexe \u00e0 Besan\u00e7on\/Chalezeule D\u00e9couvrez toute l\u2019histoire de <a href=\"https:\/\/www.labrasserie-1055.fr\/micro-brasserie-chalon-lons-saunier-bourg-bresse\/\">notre micro-brasserie en cliquant ici<\/a>. N\u2019h\u00e9sitez pas \u00e0 venir d\u00e9guster ces derni\u00e8res <span style=\"color: #ff0000;\"><strong>le 14 f\u00e9vrier !<\/strong><\/span><\/p>\n<p><img decoding=\"async\" class=\"wp-image-8985 aligncenter\" src=\"https:\/\/www.1055.fr\/lons-le-saunier\/contenu\/uploads\/2022\/12\/MICROBRASSERIE-300x200.jpg\" sizes=\"(max-width: 350px) 100vw, 350px\" srcset=\"https:\/\/www.1055.fr\/lons-le-saunier\/contenu\/uploads\/2022\/12\/MICROBRASSERIE-300x200.jpg 300w, https:\/\/www.1055.fr\/lons-le-saunier\/contenu\/uploads\/2022\/12\/MICROBRASSERIE-1024x683.jpg 1024w, https:\/\/www.1055.fr\/lons-le-saunier\/contenu\/uploads\/2022\/12\/MICROBRASSERIE-768x512.jpg 768w, https:\/\/www.1055.fr\/lons-le-saunier\/contenu\/uploads\/2022\/12\/MICROBRASSERIE-1536x1024.jpg 1536w, https:\/\/www.1055.fr\/lons-le-saunier\/contenu\/uploads\/2022\/12\/MICROBRASSERIE-24x16.jpg 24w, https:\/\/www.1055.fr\/lons-le-saunier\/contenu\/uploads\/2022\/12\/MICROBRASSERIE-36x24.jpg 36w, https:\/\/www.1055.fr\/lons-le-saunier\/contenu\/uploads\/2022\/12\/MICROBRASSERIE-48x32.jpg 48w, https:\/\/www.1055.fr\/lons-le-saunier\/contenu\/uploads\/2022\/12\/MICROBRASSERIE.jpg 2048w\" alt=\"\" width=\"350\" height=\"233\" \/><\/p>\n<\/div>\n","protected":false},"excerpt":{"rendered":"<p>Venez f\u00eater la Saint Valentin (ou pas\u2026) au 10.55 ! <\/p>\n","protected":false},"author":10,"featured_media":2198,"comment_status":"closed","ping_status":"closed","sticky":false,"template":"","format":"standard","meta":{"_acf_changed":false,"inline_featured_image":false,"footnotes":""},"categories":[1],"tags":[],"class_list":["post-2195","post","type-post","status-publish","format-standard","has-post-thumbnail","hentry","category-actualites"],"acf":[],"yoast_head":"<!-- This site is optimized with the Yoast SEO Premium plugin v24.7 (Yoast SEO v24.7) - https:\/\/yoast.com\/wordpress\/plugins\/seo\/ -->\n<title>La Saint Valentin le 14 f\u00e9vrier ? J&#039;peux pas, j&#039;ai bowling !<\/title>\n<meta name=\"description\" content=\"Le 14 f\u00e9vrier c&#039;est la Saint Valentin (ou pas...) au 10.55 ! Venez vous amusez et diner en couple ou tout simplement entre amis !\" \/>\n<meta name=\"robots\" content=\"index, follow, max-snippet:-1, max-image-preview:large, max-video-preview:-1\" \/>\n<link rel=\"canonical\" href=\"https:\/\/www.1055.fr\/besancon\/la-saint-valentin-le-14-fevrier-jpeux-pas-jai-bowling\/\" \/>\n<meta property=\"og:locale\" content=\"fr_FR\" \/>\n<meta property=\"og:type\" content=\"article\" \/>\n<meta property=\"og:title\" content=\"La Saint Valentin le 14 f\u00e9vrier ? J&#039;peux pas, j&#039;ai bowling !\" \/>\n<meta property=\"og:description\" content=\"Le 14 f\u00e9vrier c&#039;est la Saint Valentin (ou pas...) au 10.55 ! Venez vous amusez et diner en couple ou tout simplement entre amis !\" \/>\n<meta property=\"og:url\" content=\"https:\/\/www.1055.fr\/besancon\/la-saint-valentin-le-14-fevrier-jpeux-pas-jai-bowling\/\" \/>\n<meta property=\"article:published_time\" content=\"2023-01-19T14:43:57+00:00\" \/>\n<meta property=\"article:modified_time\" content=\"2023-01-19T15:01:38+00:00\" \/>\n<meta property=\"og:image\" content=\"https:\/\/www.1055.fr\/besancon\/contenu\/uploads\/2023\/01\/ACTU-SANS-VALENTIN.jpg\" \/>\n\t<meta property=\"og:image:width\" content=\"608\" \/>\n\t<meta property=\"og:image:height\" content=\"435\" \/>\n\t<meta property=\"og:image:type\" content=\"image\/jpeg\" \/>\n<meta name=\"author\" content=\"Mathilde\" \/>\n<meta name=\"twitter:card\" content=\"summary_large_image\" \/>\n<meta name=\"twitter:label1\" content=\"\u00c9crit par\" \/>\n\t<meta name=\"twitter:data1\" content=\"Mathilde\" \/>\n\t<meta name=\"twitter:label2\" content=\"Dur\u00e9e de lecture estim\u00e9e\" \/>\n\t<meta name=\"twitter:data2\" content=\"3 minutes\" \/>\n<script type=\"application\/ld+json\" class=\"yoast-schema-graph\">{\"@context\":\"https:\/\/schema.org\",\"@graph\":[{\"@type\":\"Article\",\"@id\":\"https:\/\/www.1055.fr\/besancon\/la-saint-valentin-le-14-fevrier-jpeux-pas-jai-bowling\/#article\",\"isPartOf\":{\"@id\":\"https:\/\/www.1055.fr\/besancon\/la-saint-valentin-le-14-fevrier-jpeux-pas-jai-bowling\/\"},\"author\":{\"name\":\"Mathilde\",\"@id\":\"https:\/\/www.1055.fr\/besancon\/#\/schema\/person\/009ee3cb68139c98dcfa3435183ed0ef\"},\"headline\":\"La Saint Valentin le 14 f\u00e9vrier ? J&rsquo;peux pas, j&rsquo;ai bowling !\",\"datePublished\":\"2023-01-19T14:43:57+00:00\",\"dateModified\":\"2023-01-19T15:01:38+00:00\",\"mainEntityOfPage\":{\"@id\":\"https:\/\/www.1055.fr\/besancon\/la-saint-valentin-le-14-fevrier-jpeux-pas-jai-bowling\/\"},\"wordCount\":364,\"publisher\":{\"@id\":\"https:\/\/www.1055.fr\/besancon\/#organization\"},\"image\":{\"@id\":\"https:\/\/www.1055.fr\/besancon\/la-saint-valentin-le-14-fevrier-jpeux-pas-jai-bowling\/#primaryimage\"},\"thumbnailUrl\":\"https:\/\/www.1055.fr\/besancon\/contenu\/uploads\/2023\/01\/ACTU-SANS-VALENTIN.jpg\",\"articleSection\":[\"Actualit\u00e9s\"],\"inLanguage\":\"fr-FR\"},{\"@type\":\"WebPage\",\"@id\":\"https:\/\/www.1055.fr\/besancon\/la-saint-valentin-le-14-fevrier-jpeux-pas-jai-bowling\/\",\"url\":\"https:\/\/www.1055.fr\/besancon\/la-saint-valentin-le-14-fevrier-jpeux-pas-jai-bowling\/\",\"name\":\"La Saint Valentin le 14 f\u00e9vrier ? J'peux pas, j'ai bowling !\",\"isPartOf\":{\"@id\":\"https:\/\/www.1055.fr\/besancon\/#website\"},\"primaryImageOfPage\":{\"@id\":\"https:\/\/www.1055.fr\/besancon\/la-saint-valentin-le-14-fevrier-jpeux-pas-jai-bowling\/#primaryimage\"},\"image\":{\"@id\":\"https:\/\/www.1055.fr\/besancon\/la-saint-valentin-le-14-fevrier-jpeux-pas-jai-bowling\/#primaryimage\"},\"thumbnailUrl\":\"https:\/\/www.1055.fr\/besancon\/contenu\/uploads\/2023\/01\/ACTU-SANS-VALENTIN.jpg\",\"datePublished\":\"2023-01-19T14:43:57+00:00\",\"dateModified\":\"2023-01-19T15:01:38+00:00\",\"description\":\"Le 14 f\u00e9vrier c'est la Saint Valentin (ou pas...) au 10.55 ! Venez vous amusez et diner en couple ou tout simplement entre amis !\",\"breadcrumb\":{\"@id\":\"https:\/\/www.1055.fr\/besancon\/la-saint-valentin-le-14-fevrier-jpeux-pas-jai-bowling\/#breadcrumb\"},\"inLanguage\":\"fr-FR\",\"potentialAction\":[{\"@type\":\"ReadAction\",\"target\":[\"https:\/\/www.1055.fr\/besancon\/la-saint-valentin-le-14-fevrier-jpeux-pas-jai-bowling\/\"]}]},{\"@type\":\"ImageObject\",\"inLanguage\":\"fr-FR\",\"@id\":\"https:\/\/www.1055.fr\/besancon\/la-saint-valentin-le-14-fevrier-jpeux-pas-jai-bowling\/#primaryimage\",\"url\":\"https:\/\/www.1055.fr\/besancon\/contenu\/uploads\/2023\/01\/ACTU-SANS-VALENTIN.jpg\",\"contentUrl\":\"https:\/\/www.1055.fr\/besancon\/contenu\/uploads\/2023\/01\/ACTU-SANS-VALENTIN.jpg\",\"width\":608,\"height\":435},{\"@type\":\"BreadcrumbList\",\"@id\":\"https:\/\/www.1055.fr\/besancon\/la-saint-valentin-le-14-fevrier-jpeux-pas-jai-bowling\/#breadcrumb\",\"itemListElement\":[{\"@type\":\"ListItem\",\"position\":1,\"name\":\"Home\",\"item\":\"https:\/\/www.1055.fr\/besancon\/\"},{\"@type\":\"ListItem\",\"position\":2,\"name\":\"La Saint Valentin le 14 f\u00e9vrier ? J&#8217;peux pas, j&#8217;ai bowling !\"}]},{\"@type\":\"WebSite\",\"@id\":\"https:\/\/www.1055.fr\/besancon\/#website\",\"url\":\"https:\/\/www.1055.fr\/besancon\/\",\"name\":\"\",\"description\":\"\",\"publisher\":{\"@id\":\"https:\/\/www.1055.fr\/besancon\/#organization\"},\"potentialAction\":[{\"@type\":\"SearchAction\",\"target\":{\"@type\":\"EntryPoint\",\"urlTemplate\":\"https:\/\/www.1055.fr\/besancon\/?s={search_term_string}\"},\"query-input\":{\"@type\":\"PropertyValueSpecification\",\"valueRequired\":true,\"valueName\":\"search_term_string\"}}],\"inLanguage\":\"fr-FR\"},{\"@type\":\"Organization\",\"@id\":\"https:\/\/www.1055.fr\/besancon\/#organization\",\"name\":\"1055 Besan\u00e7on\",\"url\":\"https:\/\/www.1055.fr\/besancon\/\",\"logo\":{\"@type\":\"ImageObject\",\"inLanguage\":\"fr-FR\",\"@id\":\"https:\/\/www.1055.fr\/besancon\/#\/schema\/logo\/image\/\",\"url\":\"https:\/\/www.1055.fr\/besancon\/contenu\/uploads\/2021\/04\/logo-page-2-1.png\",\"contentUrl\":\"https:\/\/www.1055.fr\/besancon\/contenu\/uploads\/2021\/04\/logo-page-2-1.png\",\"width\":120,\"height\":162,\"caption\":\"1055 Besan\u00e7on\"},\"image\":{\"@id\":\"https:\/\/www.1055.fr\/besancon\/#\/schema\/logo\/image\/\"}},{\"@type\":\"Person\",\"@id\":\"https:\/\/www.1055.fr\/besancon\/#\/schema\/person\/009ee3cb68139c98dcfa3435183ed0ef\",\"name\":\"Mathilde\",\"image\":{\"@type\":\"ImageObject\",\"inLanguage\":\"fr-FR\",\"@id\":\"https:\/\/www.1055.fr\/besancon\/#\/schema\/person\/image\/\",\"url\":\"https:\/\/secure.gravatar.com\/avatar\/bd39ea9857c674d14eda60343ebefb724ae659c0d1381cac47fa7ba116747432?s=96&d=mm&r=g\",\"contentUrl\":\"https:\/\/secure.gravatar.com\/avatar\/bd39ea9857c674d14eda60343ebefb724ae659c0d1381cac47fa7ba116747432?s=96&d=mm&r=g\",\"caption\":\"Mathilde\"}}]}<\/script>\n<!-- \/ Yoast SEO Premium plugin. -->","yoast_head_json":{"title":"La Saint Valentin le 14 f\u00e9vrier ? J'peux pas, j'ai bowling !","description":"Le 14 f\u00e9vrier c'est la Saint Valentin (ou pas...) au 10.55 ! Venez vous amusez et diner en couple ou tout simplement entre amis !","robots":{"index":"index","follow":"follow","max-snippet":"max-snippet:-1","max-image-preview":"max-image-preview:large","max-video-preview":"max-video-preview:-1"},"canonical":"https:\/\/www.1055.fr\/besancon\/la-saint-valentin-le-14-fevrier-jpeux-pas-jai-bowling\/","og_locale":"fr_FR","og_type":"article","og_title":"La Saint Valentin le 14 f\u00e9vrier ? J'peux pas, j'ai bowling !","og_description":"Le 14 f\u00e9vrier c'est la Saint Valentin (ou pas...) au 10.55 ! Venez vous amusez et diner en couple ou tout simplement entre amis !","og_url":"https:\/\/www.1055.fr\/besancon\/la-saint-valentin-le-14-fevrier-jpeux-pas-jai-bowling\/","article_published_time":"2023-01-19T14:43:57+00:00","article_modified_time":"2023-01-19T15:01:38+00:00","og_image":[{"width":608,"height":435,"url":"https:\/\/www.1055.fr\/besancon\/contenu\/uploads\/2023\/01\/ACTU-SANS-VALENTIN.jpg","type":"image\/jpeg"}],"author":"Mathilde","twitter_card":"summary_large_image","twitter_misc":{"\u00c9crit par":"Mathilde","Dur\u00e9e de lecture estim\u00e9e":"3 minutes"},"schema":{"@context":"https:\/\/schema.org","@graph":[{"@type":"Article","@id":"https:\/\/www.1055.fr\/besancon\/la-saint-valentin-le-14-fevrier-jpeux-pas-jai-bowling\/#article","isPartOf":{"@id":"https:\/\/www.1055.fr\/besancon\/la-saint-valentin-le-14-fevrier-jpeux-pas-jai-bowling\/"},"author":{"name":"Mathilde","@id":"https:\/\/www.1055.fr\/besancon\/#\/schema\/person\/009ee3cb68139c98dcfa3435183ed0ef"},"headline":"La Saint Valentin le 14 f\u00e9vrier ? J&rsquo;peux pas, j&rsquo;ai bowling !","datePublished":"2023-01-19T14:43:57+00:00","dateModified":"2023-01-19T15:01:38+00:00","mainEntityOfPage":{"@id":"https:\/\/www.1055.fr\/besancon\/la-saint-valentin-le-14-fevrier-jpeux-pas-jai-bowling\/"},"wordCount":364,"publisher":{"@id":"https:\/\/www.1055.fr\/besancon\/#organization"},"image":{"@id":"https:\/\/www.1055.fr\/besancon\/la-saint-valentin-le-14-fevrier-jpeux-pas-jai-bowling\/#primaryimage"},"thumbnailUrl":"https:\/\/www.1055.fr\/besancon\/contenu\/uploads\/2023\/01\/ACTU-SANS-VALENTIN.jpg","articleSection":["Actualit\u00e9s"],"inLanguage":"fr-FR"},{"@type":"WebPage","@id":"https:\/\/www.1055.fr\/besancon\/la-saint-valentin-le-14-fevrier-jpeux-pas-jai-bowling\/","url":"https:\/\/www.1055.fr\/besancon\/la-saint-valentin-le-14-fevrier-jpeux-pas-jai-bowling\/","name":"La Saint Valentin le 14 f\u00e9vrier ? J'peux pas, j'ai bowling !","isPartOf":{"@id":"https:\/\/www.1055.fr\/besancon\/#website"},"primaryImageOfPage":{"@id":"https:\/\/www.1055.fr\/besancon\/la-saint-valentin-le-14-fevrier-jpeux-pas-jai-bowling\/#primaryimage"},"image":{"@id":"https:\/\/www.1055.fr\/besancon\/la-saint-valentin-le-14-fevrier-jpeux-pas-jai-bowling\/#primaryimage"},"thumbnailUrl":"https:\/\/www.1055.fr\/besancon\/contenu\/uploads\/2023\/01\/ACTU-SANS-VALENTIN.jpg","datePublished":"2023-01-19T14:43:57+00:00","dateModified":"2023-01-19T15:01:38+00:00","description":"Le 14 f\u00e9vrier c'est la Saint Valentin (ou pas...) au 10.55 ! Venez vous amusez et diner en couple ou tout simplement entre amis !","breadcrumb":{"@id":"https:\/\/www.1055.fr\/besancon\/la-saint-valentin-le-14-fevrier-jpeux-pas-jai-bowling\/#breadcrumb"},"inLanguage":"fr-FR","potentialAction":[{"@type":"ReadAction","target":["https:\/\/www.1055.fr\/besancon\/la-saint-valentin-le-14-fevrier-jpeux-pas-jai-bowling\/"]}]},{"@type":"ImageObject","inLanguage":"fr-FR","@id":"https:\/\/www.1055.fr\/besancon\/la-saint-valentin-le-14-fevrier-jpeux-pas-jai-bowling\/#primaryimage","url":"https:\/\/www.1055.fr\/besancon\/contenu\/uploads\/2023\/01\/ACTU-SANS-VALENTIN.jpg","contentUrl":"https:\/\/www.1055.fr\/besancon\/contenu\/uploads\/2023\/01\/ACTU-SANS-VALENTIN.jpg","width":608,"height":435},{"@type":"BreadcrumbList","@id":"https:\/\/www.1055.fr\/besancon\/la-saint-valentin-le-14-fevrier-jpeux-pas-jai-bowling\/#breadcrumb","itemListElement":[{"@type":"ListItem","position":1,"name":"Home","item":"https:\/\/www.1055.fr\/besancon\/"},{"@type":"ListItem","position":2,"name":"La Saint Valentin le 14 f\u00e9vrier ? J&#8217;peux pas, j&#8217;ai bowling !"}]},{"@type":"WebSite","@id":"https:\/\/www.1055.fr\/besancon\/#website","url":"https:\/\/www.1055.fr\/besancon\/","name":"","description":"","publisher":{"@id":"https:\/\/www.1055.fr\/besancon\/#organization"},"potentialAction":[{"@type":"SearchAction","target":{"@type":"EntryPoint","urlTemplate":"https:\/\/www.1055.fr\/besancon\/?s={search_term_string}"},"query-input":{"@type":"PropertyValueSpecification","valueRequired":true,"valueName":"search_term_string"}}],"inLanguage":"fr-FR"},{"@type":"Organization","@id":"https:\/\/www.1055.fr\/besancon\/#organization","name":"1055 Besan\u00e7on","url":"https:\/\/www.1055.fr\/besancon\/","logo":{"@type":"ImageObject","inLanguage":"fr-FR","@id":"https:\/\/www.1055.fr\/besancon\/#\/schema\/logo\/image\/","url":"https:\/\/www.1055.fr\/besancon\/contenu\/uploads\/2021\/04\/logo-page-2-1.png","contentUrl":"https:\/\/www.1055.fr\/besancon\/contenu\/uploads\/2021\/04\/logo-page-2-1.png","width":120,"height":162,"caption":"1055 Besan\u00e7on"},"image":{"@id":"https:\/\/www.1055.fr\/besancon\/#\/schema\/logo\/image\/"}},{"@type":"Person","@id":"https:\/\/www.1055.fr\/besancon\/#\/schema\/person\/009ee3cb68139c98dcfa3435183ed0ef","name":"Mathilde","image":{"@type":"ImageObject","inLanguage":"fr-FR","@id":"https:\/\/www.1055.fr\/besancon\/#\/schema\/person\/image\/","url":"https:\/\/secure.gravatar.com\/avatar\/bd39ea9857c674d14eda60343ebefb724ae659c0d1381cac47fa7ba116747432?s=96&d=mm&r=g","contentUrl":"https:\/\/secure.gravatar.com\/avatar\/bd39ea9857c674d14eda60343ebefb724ae659c0d1381cac47fa7ba116747432?s=96&d=mm&r=g","caption":"Mathilde"}}]}},"_links":{"self":[{"href":"https:\/\/www.1055.fr\/besancon\/wp-json\/wp\/v2\/posts\/2195","targetHints":{"allow":["GET"]}}],"collection":[{"href":"https:\/\/www.1055.fr\/besancon\/wp-json\/wp\/v2\/posts"}],"about":[{"href":"https:\/\/www.1055.fr\/besancon\/wp-json\/wp\/v2\/types\/post"}],"author":[{"embeddable":true,"href":"https:\/\/www.1055.fr\/besancon\/wp-json\/wp\/v2\/users\/10"}],"replies":[{"embeddable":true,"href":"https:\/\/www.1055.fr\/besancon\/wp-json\/wp\/v2\/comments?post=2195"}],"version-history":[{"count":2,"href":"https:\/\/www.1055.fr\/besancon\/wp-json\/wp\/v2\/posts\/2195\/revisions"}],"predecessor-version":[{"id":2201,"href":"https:\/\/www.1055.fr\/besancon\/wp-json\/wp\/v2\/posts\/2195\/revisions\/2201"}],"wp:featuredmedia":[{"embeddable":true,"href":"https:\/\/www.1055.fr\/besancon\/wp-json\/wp\/v2\/media\/2198"}],"wp:attachment":[{"href":"https:\/\/www.1055.fr\/besancon\/wp-json\/wp\/v2\/media?parent=2195"}],"wp:term":[{"taxonomy":"category","embeddable":true,"href":"https:\/\/www.1055.fr\/besancon\/wp-json\/wp\/v2\/categories?post=2195"},{"taxonomy":"post_tag","embeddable":true,"href":"https:\/\/www.1055.fr\/besancon\/wp-json\/wp\/v2\/tags?post=2195"}],"curies":[{"name":"wp","href":"https:\/\/api.w.org\/{rel}","templated":true}]}}