{"id":11276,"date":"2026-09-01T09:44:40","date_gmt":"2026-09-01T07:44:40","guid":{"rendered":"https:\/\/www.1055.fr\/belfort\/?p=11276"},"modified":"2026-09-01T15:28:05","modified_gmt":"2026-09-01T13:28:05","slug":"oktoberfest-au-10%c2%b755-rendez-vous-les-18-et-19-septembre","status":"publish","type":"post","link":"https:\/\/www.1055.fr\/belfort\/oktoberfest-au-10%c2%b755-rendez-vous-les-18-et-19-septembre\/","title":{"rendered":"Oktoberfest au 10\u00b755 : rendez-vous les 18 et 19 septembre"},"content":{"rendered":"\n<p class=\"wp-block-paragraph\">Les <strong>18 et 19 septembre 2026,<\/strong> le 10\u00b755 c\u00e9l\u00e8bre l\u2019Oktoberfest \u00e0 travers deux journ\u00e9es plac\u00e9es sous le signe de la convivialit\u00e9 et de la d\u00e9couverte. \u00c0 cette occasion, nos \u00e9tablissements vous proposent de vous retrouver autour de bi\u00e8res artisanales, de flammekueches et de bretzels, dans une ambiance festive inspir\u00e9e de la c\u00e9l\u00e8bre tradition bavaroise.<\/p>\n\n\n\n<h2 class=\"wp-block-heading\">\u00c0 la d\u00e9couverte de nos bi\u00e8res artisanales<\/h2>\n\n\n\n<div style=\"height:19px\" aria-hidden=\"true\" class=\"wp-block-spacer\"><\/div>\n\n\n\n<div class=\"wp-block-buttons is-content-justification-center is-layout-flex wp-container-core-buttons-is-layout-fe48e5de wp-block-buttons-is-layout-flex\">\n<div class=\"wp-block-button\"><a class=\"wp-block-button__link has-white-color has-text-color has-background has-link-color wp-element-button\" href=\"https:\/\/www.1055.fr\/belfort\/restaurant-belfort-brasserie\/\" style=\"background-color:#972424\">D\u00e9couvrir nos bi\u00e8res <\/a><\/div>\n<\/div>\n\n\n\n<div style=\"height:19px\" aria-hidden=\"true\" class=\"wp-block-spacer\"><\/div>\n\n\n\n<figure class=\"wp-block-image size-large\"><img loading=\"lazy\" decoding=\"async\" width=\"1024\" height=\"402\" src=\"https:\/\/www.1055.fr\/belfort\/contenu\/uploads\/2026\/09\/494e1ac2-48cc-46d1-958d-e9fe47ad27e2-1024x402.png\" alt=\"\" class=\"wp-image-11277\" srcset=\"https:\/\/www.1055.fr\/belfort\/contenu\/uploads\/2026\/09\/494e1ac2-48cc-46d1-958d-e9fe47ad27e2-1024x402.png 1024w, https:\/\/www.1055.fr\/belfort\/contenu\/uploads\/2026\/09\/494e1ac2-48cc-46d1-958d-e9fe47ad27e2-300x118.png 300w, https:\/\/www.1055.fr\/belfort\/contenu\/uploads\/2026\/09\/494e1ac2-48cc-46d1-958d-e9fe47ad27e2-766x301.png 766w, https:\/\/www.1055.fr\/belfort\/contenu\/uploads\/2026\/09\/494e1ac2-48cc-46d1-958d-e9fe47ad27e2-24x9.png 24w, https:\/\/www.1055.fr\/belfort\/contenu\/uploads\/2026\/09\/494e1ac2-48cc-46d1-958d-e9fe47ad27e2-36x14.png 36w, https:\/\/www.1055.fr\/belfort\/contenu\/uploads\/2026\/09\/494e1ac2-48cc-46d1-958d-e9fe47ad27e2-48x19.png 48w, https:\/\/www.1055.fr\/belfort\/contenu\/uploads\/2026\/09\/494e1ac2-48cc-46d1-958d-e9fe47ad27e2-1536x603.png 1536w, https:\/\/www.1055.fr\/belfort\/contenu\/uploads\/2026\/09\/494e1ac2-48cc-46d1-958d-e9fe47ad27e2.png 2001w\" sizes=\"auto, (max-width: 767px) 89vw, (max-width: 1000px) 54vw, (max-width: 1071px) 543px, 580px\" \/><\/figure>\n\n\n\n<p class=\"wp-block-paragraph\">L\u2019Oktoberfest est l\u2019occasion id\u00e9ale pour d\u00e9couvrir ou red\u00e9couvrir les bi\u00e8res artisanales propos\u00e9es au 10\u00b755. Blondes, ambr\u00e9es ou aux saveurs plus originales, plusieurs r\u00e9f\u00e9rences pourront \u00eatre d\u00e9gust\u00e9es selon les \u00e9tablissements.<\/p>\n\n\n\n<p class=\"wp-block-paragraph\">Une s\u00e9lection pens\u00e9e pour accompagner votre repas et partager un moment convivial entre amis, en famille ou entre coll\u00e8gues.<\/p>\n\n\n\n<h2 class=\"wp-block-heading\">Bretzels et flammekueches au rendez-vous<\/h2>\n\n\n\n<p class=\"wp-block-paragraph\">Pour accompagner les festivit\u00e9s, des <strong>bretzels \u00e0 partager seront offerts lors de votre commande<\/strong>. Une attention gourmande qui s\u2019inscrit pleinement dans l\u2019esprit de l\u2019Oktoberfest.<\/p>\n\n\n\n<p class=\"wp-block-paragraph\">Vous pourrez \u00e9galement retrouver nos <strong>flammekueches<\/strong>, pr\u00e9par\u00e9es pour \u00eatre d\u00e9gust\u00e9es et partag\u00e9es autour de la table. Une association incontournable pour profiter pleinement de ces deux journ\u00e9es.<\/p>\n\n\n\n<div class=\"wp-block-columns is-layout-flex wp-container-core-columns-is-layout-8f761849 wp-block-columns-is-layout-flex\">\n<div class=\"wp-block-column is-layout-flow wp-block-column-is-layout-flow\">\n<figure class=\"wp-block-image size-large\"><img loading=\"lazy\" decoding=\"async\" width=\"1024\" height=\"682\" src=\"https:\/\/www.1055.fr\/belfort\/contenu\/uploads\/2026\/09\/f6735751-68e1-4f69-8d21-303b23566910-1024x682.png\" alt=\"\" class=\"wp-image-11278\" srcset=\"https:\/\/www.1055.fr\/belfort\/contenu\/uploads\/2026\/09\/f6735751-68e1-4f69-8d21-303b23566910-1024x682.png 1024w, https:\/\/www.1055.fr\/belfort\/contenu\/uploads\/2026\/09\/f6735751-68e1-4f69-8d21-303b23566910-300x200.png 300w, https:\/\/www.1055.fr\/belfort\/contenu\/uploads\/2026\/09\/f6735751-68e1-4f69-8d21-303b23566910-768x511.png 768w, https:\/\/www.1055.fr\/belfort\/contenu\/uploads\/2026\/09\/f6735751-68e1-4f69-8d21-303b23566910-24x16.png 24w, https:\/\/www.1055.fr\/belfort\/contenu\/uploads\/2026\/09\/f6735751-68e1-4f69-8d21-303b23566910-36x24.png 36w, https:\/\/www.1055.fr\/belfort\/contenu\/uploads\/2026\/09\/f6735751-68e1-4f69-8d21-303b23566910-48x32.png 48w, https:\/\/www.1055.fr\/belfort\/contenu\/uploads\/2026\/09\/f6735751-68e1-4f69-8d21-303b23566910.png 1537w\" sizes=\"auto, (max-width: 767px) 89vw, (max-width: 1000px) 54vw, (max-width: 1071px) 543px, 580px\" \/><\/figure>\n<\/div>\n\n\n\n<div class=\"wp-block-column is-layout-flow wp-block-column-is-layout-flow\">\n<figure class=\"wp-block-image size-large\"><img loading=\"lazy\" decoding=\"async\" width=\"1024\" height=\"683\" src=\"https:\/\/www.1055.fr\/belfort\/contenu\/uploads\/2026\/09\/OKTOBERFEST-2023-12-1024x683.jpg\" alt=\"\" class=\"wp-image-11279\" srcset=\"https:\/\/www.1055.fr\/belfort\/contenu\/uploads\/2026\/09\/OKTOBERFEST-2023-12-1024x683.jpg 1024w, https:\/\/www.1055.fr\/belfort\/contenu\/uploads\/2026\/09\/OKTOBERFEST-2023-12-300x200.jpg 300w, https:\/\/www.1055.fr\/belfort\/contenu\/uploads\/2026\/09\/OKTOBERFEST-2023-12-767x511.jpg 767w, https:\/\/www.1055.fr\/belfort\/contenu\/uploads\/2026\/09\/OKTOBERFEST-2023-12-1536x1024.jpg 1536w, https:\/\/www.1055.fr\/belfort\/contenu\/uploads\/2026\/09\/OKTOBERFEST-2023-12-24x16.jpg 24w, https:\/\/www.1055.fr\/belfort\/contenu\/uploads\/2026\/09\/OKTOBERFEST-2023-12-36x24.jpg 36w, https:\/\/www.1055.fr\/belfort\/contenu\/uploads\/2026\/09\/OKTOBERFEST-2023-12-48x32.jpg 48w, https:\/\/www.1055.fr\/belfort\/contenu\/uploads\/2026\/09\/OKTOBERFEST-2023-12.jpg 2048w\" sizes=\"auto, (max-width: 767px) 89vw, (max-width: 1000px) 54vw, (max-width: 1071px) 543px, 580px\" \/><\/figure>\n<\/div>\n<\/div>\n\n\n\n<div style=\"height:16px\" aria-hidden=\"true\" class=\"wp-block-spacer\"><\/div>\n\n\n\n<div class=\"wp-block-buttons is-content-justification-center is-layout-flex wp-container-core-buttons-is-layout-fe48e5de wp-block-buttons-is-layout-flex\">\n<div class=\"wp-block-button is-style-fill\"><a class=\"wp-block-button__link has-white-color has-text-color has-background has-link-color wp-element-button\" href=\"https:\/\/www.1055.fr\/belfort\/restaurant-belfort-brasserie\/\" style=\"background-color:#972424\">Je r\u00e9serve !<\/a><\/div>\n<\/div>\n\n\n\n<div style=\"height:17px\" aria-hidden=\"true\" class=\"wp-block-spacer\"><\/div>\n\n\n\n<h2 class=\"wp-block-heading\">Deux jours sous le signe de la f\u00eate<\/h2>\n\n\n\n<p class=\"wp-block-paragraph\">L\u2019Oktoberfest au 10\u00b755, c\u2019est aussi l\u2019occasion de prolonger la soir\u00e9e dans une atmosph\u00e8re festive. Selon les \u00e9tablissements, diff\u00e9rentes animations et soir\u00e9es DJ viendront rythmer l\u2019\u00e9v\u00e9nement les 18 et 19 septembre. <strong>Retrouvez votre soir\u00e9e DJ dans votre 10\u00b755, le vendredi 18 et samedi 19 septembre de 21h \u00e0 minuit !<\/strong><\/p>\n\n\n\n<p class=\"wp-block-paragraph\"><strong>Chaque 10\u00b755 proposera son propre programme.<\/strong> Nous vous invitons donc \u00e0 consulter la programmation de votre \u00e9tablissement afin de d\u00e9couvrir les animations pr\u00e9vues pr\u00e8s de chez vous.<\/p>\n\n\n\n<figure class=\"wp-block-image size-full\"><img loading=\"lazy\" decoding=\"async\" width=\"790\" height=\"310\" src=\"https:\/\/www.1055.fr\/belfort\/contenu\/uploads\/2026\/09\/1055-oktoberfest-2026-v1-actu-portail_790x310.jpg\" alt=\"\" class=\"wp-image-11280\" srcset=\"https:\/\/www.1055.fr\/belfort\/contenu\/uploads\/2026\/09\/1055-oktoberfest-2026-v1-actu-portail_790x310.jpg 790w, https:\/\/www.1055.fr\/belfort\/contenu\/uploads\/2026\/09\/1055-oktoberfest-2026-v1-actu-portail_790x310-300x118.jpg 300w, https:\/\/www.1055.fr\/belfort\/contenu\/uploads\/2026\/09\/1055-oktoberfest-2026-v1-actu-portail_790x310-767x301.jpg 767w, https:\/\/www.1055.fr\/belfort\/contenu\/uploads\/2026\/09\/1055-oktoberfest-2026-v1-actu-portail_790x310-24x9.jpg 24w, https:\/\/www.1055.fr\/belfort\/contenu\/uploads\/2026\/09\/1055-oktoberfest-2026-v1-actu-portail_790x310-36x14.jpg 36w, https:\/\/www.1055.fr\/belfort\/contenu\/uploads\/2026\/09\/1055-oktoberfest-2026-v1-actu-portail_790x310-48x19.jpg 48w\" sizes=\"auto, (max-width: 767px) 89vw, (max-width: 1000px) 54vw, (max-width: 1071px) 543px, 580px\" \/><\/figure>\n\n\n\n<h2 class=\"wp-block-heading\">Rendez-vous les 18 et 19 septembre au 10\u00b755<\/h2>\n\n\n\n<p class=\"wp-block-paragraph\">Que vous souhaitiez d\u00e9couvrir de nouvelles bi\u00e8res artisanales, partager une flammekueche ou simplement profiter d\u2019un moment convivial, rendez-vous les <strong>18 et 19 septembre 2026<\/strong> dans votre 10\u00b755 pour c\u00e9l\u00e9brer l\u2019Oktoberfest.<\/p>\n\n\n\n<p class=\"wp-block-paragraph\"><strong>D\u00e9couvrez d\u00e8s maintenant le programme de votre 10\u00b755 et pr\u00e9parez votre venue.<\/strong><\/p>\n\n\n\n<p class=\"wp-block-paragraph\"><em>L\u2019abus d\u2019alcool est dangereux pour la sant\u00e9, \u00e0 consommer avec mod\u00e9ration.<\/em><\/p>\n","protected":false},"excerpt":{"rendered":"<p>Les 18 et 19 septembre 2026, le 10\u00b755 c\u00e9l\u00e8bre l\u2019Oktoberfest \u00e0 travers deux journ\u00e9es plac\u00e9es sous le signe de la &hellip;<\/p>\n","protected":false},"author":10,"featured_media":11284,"comment_status":"closed","ping_status":"closed","sticky":false,"template":"","format":"standard","meta":{"_acf_changed":false,"footnotes":""},"categories":[1],"tags":[],"class_list":["post-11276","post","type-post","status-publish","format-standard","has-post-thumbnail","hentry","category-actualites"],"acf":[],"yoast_head":"<!-- This site is optimized with the Yoast SEO plugin v25.4 - https:\/\/yoast.com\/wordpress\/plugins\/seo\/ -->\n<title>Oktoberfest au 10\u00b755 : rendez-vous les 18 et 19 septembre<\/title>\n<meta name=\"description\" content=\"L\u2019Oktoberfest arrive au 10\u00b755 les 18 et 19 septembre 2026. Bi\u00e8res artisanales, flammekueches, bretzels et animations vous attendent.\" \/>\n<meta name=\"robots\" content=\"index, follow, max-snippet:-1, max-image-preview:large, max-video-preview:-1\" \/>\n<link rel=\"canonical\" href=\"https:\/\/www.1055.fr\/belfort\/oktoberfest-au-10\u00b755-rendez-vous-les-18-et-19-septembre\/\" \/>\n<meta property=\"og:locale\" content=\"fr_FR\" \/>\n<meta property=\"og:type\" content=\"article\" \/>\n<meta property=\"og:title\" content=\"Oktoberfest au 10\u00b755 : rendez-vous les 18 et 19 septembre\" \/>\n<meta property=\"og:description\" content=\"L\u2019Oktoberfest arrive au 10\u00b755 les 18 et 19 septembre 2026. Bi\u00e8res artisanales, flammekueches, bretzels et animations vous attendent.\" \/>\n<meta property=\"og:url\" content=\"https:\/\/www.1055.fr\/belfort\/oktoberfest-au-10\u00b755-rendez-vous-les-18-et-19-septembre\/\" \/>\n<meta property=\"og:site_name\" content=\"1055 Belfort\" \/>\n<meta property=\"article:published_time\" content=\"2026-09-01T07:44:40+00:00\" \/>\n<meta property=\"article:modified_time\" content=\"2026-09-01T13:28:05+00:00\" \/>\n<meta property=\"og:image\" content=\"https:\/\/www.1055.fr\/belfort\/contenu\/uploads\/2026\/09\/1055-oktoberfest-2026-v1-actu_608x435.jpg\" \/>\n\t<meta property=\"og:image:width\" content=\"608\" \/>\n\t<meta property=\"og:image:height\" content=\"435\" \/>\n\t<meta property=\"og:image:type\" content=\"image\/jpeg\" \/>\n<meta name=\"author\" content=\"mathilde\" \/>\n<meta name=\"twitter:card\" content=\"summary_large_image\" \/>\n<meta name=\"twitter:label1\" content=\"\u00c9crit par\" \/>\n\t<meta name=\"twitter:data1\" content=\"mathilde\" \/>\n\t<meta name=\"twitter:label2\" content=\"Dur\u00e9e de lecture estim\u00e9e\" \/>\n\t<meta name=\"twitter:data2\" content=\"3 minutes\" \/>\n<script type=\"application\/ld+json\" class=\"yoast-schema-graph\">{\"@context\":\"https:\/\/schema.org\",\"@graph\":[{\"@type\":\"WebPage\",\"@id\":\"https:\/\/www.1055.fr\/belfort\/oktoberfest-au-10%c2%b755-rendez-vous-les-18-et-19-septembre\/\",\"url\":\"https:\/\/www.1055.fr\/belfort\/oktoberfest-au-10%c2%b755-rendez-vous-les-18-et-19-septembre\/\",\"name\":\"Oktoberfest au 10\u00b755 : rendez-vous les 18 et 19 septembre\",\"isPartOf\":{\"@id\":\"https:\/\/www.1055.fr\/belfort\/#website\"},\"primaryImageOfPage\":{\"@id\":\"https:\/\/www.1055.fr\/belfort\/oktoberfest-au-10%c2%b755-rendez-vous-les-18-et-19-septembre\/#primaryimage\"},\"image\":{\"@id\":\"https:\/\/www.1055.fr\/belfort\/oktoberfest-au-10%c2%b755-rendez-vous-les-18-et-19-septembre\/#primaryimage\"},\"thumbnailUrl\":\"https:\/\/www.1055.fr\/belfort\/contenu\/uploads\/2026\/09\/1055-oktoberfest-2026-v1-actu_608x435.jpg\",\"datePublished\":\"2026-09-01T07:44:40+00:00\",\"dateModified\":\"2026-09-01T13:28:05+00:00\",\"author\":{\"@id\":\"https:\/\/www.1055.fr\/belfort\/#\/schema\/person\/4bc468827b4a4e7a46b318b07b0c6819\"},\"description\":\"L\u2019Oktoberfest arrive au 10\u00b755 les 18 et 19 septembre 2026. Bi\u00e8res artisanales, flammekueches, bretzels et animations vous attendent.\",\"breadcrumb\":{\"@id\":\"https:\/\/www.1055.fr\/belfort\/oktoberfest-au-10%c2%b755-rendez-vous-les-18-et-19-septembre\/#breadcrumb\"},\"inLanguage\":\"fr-FR\",\"potentialAction\":[{\"@type\":\"ReadAction\",\"target\":[\"https:\/\/www.1055.fr\/belfort\/oktoberfest-au-10%c2%b755-rendez-vous-les-18-et-19-septembre\/\"]}]},{\"@type\":\"ImageObject\",\"inLanguage\":\"fr-FR\",\"@id\":\"https:\/\/www.1055.fr\/belfort\/oktoberfest-au-10%c2%b755-rendez-vous-les-18-et-19-septembre\/#primaryimage\",\"url\":\"https:\/\/www.1055.fr\/belfort\/contenu\/uploads\/2026\/09\/1055-oktoberfest-2026-v1-actu_608x435.jpg\",\"contentUrl\":\"https:\/\/www.1055.fr\/belfort\/contenu\/uploads\/2026\/09\/1055-oktoberfest-2026-v1-actu_608x435.jpg\",\"width\":608,\"height\":435},{\"@type\":\"BreadcrumbList\",\"@id\":\"https:\/\/www.1055.fr\/belfort\/oktoberfest-au-10%c2%b755-rendez-vous-les-18-et-19-septembre\/#breadcrumb\",\"itemListElement\":[{\"@type\":\"ListItem\",\"position\":1,\"name\":\"Home\",\"item\":\"https:\/\/www.1055.fr\/belfort\/\"},{\"@type\":\"ListItem\",\"position\":2,\"name\":\"Oktoberfest au 10\u00b755 : rendez-vous les 18 et 19 septembre\"}]},{\"@type\":\"WebSite\",\"@id\":\"https:\/\/www.1055.fr\/belfort\/#website\",\"url\":\"https:\/\/www.1055.fr\/belfort\/\",\"name\":\"1055 Belfort\",\"description\":\"\",\"potentialAction\":[{\"@type\":\"SearchAction\",\"target\":{\"@type\":\"EntryPoint\",\"urlTemplate\":\"https:\/\/www.1055.fr\/belfort\/?s={search_term_string}\"},\"query-input\":{\"@type\":\"PropertyValueSpecification\",\"valueRequired\":true,\"valueName\":\"search_term_string\"}}],\"inLanguage\":\"fr-FR\"},{\"@type\":\"Person\",\"@id\":\"https:\/\/www.1055.fr\/belfort\/#\/schema\/person\/4bc468827b4a4e7a46b318b07b0c6819\",\"name\":\"mathilde\",\"image\":{\"@type\":\"ImageObject\",\"inLanguage\":\"fr-FR\",\"@id\":\"https:\/\/www.1055.fr\/belfort\/#\/schema\/person\/image\/\",\"url\":\"https:\/\/secure.gravatar.com\/avatar\/bd39ea9857c674d14eda60343ebefb724ae659c0d1381cac47fa7ba116747432?s=96&d=mm&r=g\",\"contentUrl\":\"https:\/\/secure.gravatar.com\/avatar\/bd39ea9857c674d14eda60343ebefb724ae659c0d1381cac47fa7ba116747432?s=96&d=mm&r=g\",\"caption\":\"mathilde\"},\"url\":\"https:\/\/www.1055.fr\/belfort\/author\/mathilde\/\"}]}<\/script>\n<!-- \/ Yoast SEO plugin. -->","yoast_head_json":{"title":"Oktoberfest au 10\u00b755 : rendez-vous les 18 et 19 septembre","description":"L\u2019Oktoberfest arrive au 10\u00b755 les 18 et 19 septembre 2026. Bi\u00e8res artisanales, flammekueches, bretzels et animations vous attendent.","robots":{"index":"index","follow":"follow","max-snippet":"max-snippet:-1","max-image-preview":"max-image-preview:large","max-video-preview":"max-video-preview:-1"},"canonical":"https:\/\/www.1055.fr\/belfort\/oktoberfest-au-10\u00b755-rendez-vous-les-18-et-19-septembre\/","og_locale":"fr_FR","og_type":"article","og_title":"Oktoberfest au 10\u00b755 : rendez-vous les 18 et 19 septembre","og_description":"L\u2019Oktoberfest arrive au 10\u00b755 les 18 et 19 septembre 2026. Bi\u00e8res artisanales, flammekueches, bretzels et animations vous attendent.","og_url":"https:\/\/www.1055.fr\/belfort\/oktoberfest-au-10\u00b755-rendez-vous-les-18-et-19-septembre\/","og_site_name":"1055 Belfort","article_published_time":"2026-09-01T07:44:40+00:00","article_modified_time":"2026-09-01T13:28:05+00:00","og_image":[{"width":608,"height":435,"url":"https:\/\/www.1055.fr\/belfort\/contenu\/uploads\/2026\/09\/1055-oktoberfest-2026-v1-actu_608x435.jpg","type":"image\/jpeg"}],"author":"mathilde","twitter_card":"summary_large_image","twitter_misc":{"\u00c9crit par":"mathilde","Dur\u00e9e de lecture estim\u00e9e":"3 minutes"},"schema":{"@context":"https:\/\/schema.org","@graph":[{"@type":"WebPage","@id":"https:\/\/www.1055.fr\/belfort\/oktoberfest-au-10%c2%b755-rendez-vous-les-18-et-19-septembre\/","url":"https:\/\/www.1055.fr\/belfort\/oktoberfest-au-10%c2%b755-rendez-vous-les-18-et-19-septembre\/","name":"Oktoberfest au 10\u00b755 : rendez-vous les 18 et 19 septembre","isPartOf":{"@id":"https:\/\/www.1055.fr\/belfort\/#website"},"primaryImageOfPage":{"@id":"https:\/\/www.1055.fr\/belfort\/oktoberfest-au-10%c2%b755-rendez-vous-les-18-et-19-septembre\/#primaryimage"},"image":{"@id":"https:\/\/www.1055.fr\/belfort\/oktoberfest-au-10%c2%b755-rendez-vous-les-18-et-19-septembre\/#primaryimage"},"thumbnailUrl":"https:\/\/www.1055.fr\/belfort\/contenu\/uploads\/2026\/09\/1055-oktoberfest-2026-v1-actu_608x435.jpg","datePublished":"2026-09-01T07:44:40+00:00","dateModified":"2026-09-01T13:28:05+00:00","author":{"@id":"https:\/\/www.1055.fr\/belfort\/#\/schema\/person\/4bc468827b4a4e7a46b318b07b0c6819"},"description":"L\u2019Oktoberfest arrive au 10\u00b755 les 18 et 19 septembre 2026. Bi\u00e8res artisanales, flammekueches, bretzels et animations vous attendent.","breadcrumb":{"@id":"https:\/\/www.1055.fr\/belfort\/oktoberfest-au-10%c2%b755-rendez-vous-les-18-et-19-septembre\/#breadcrumb"},"inLanguage":"fr-FR","potentialAction":[{"@type":"ReadAction","target":["https:\/\/www.1055.fr\/belfort\/oktoberfest-au-10%c2%b755-rendez-vous-les-18-et-19-septembre\/"]}]},{"@type":"ImageObject","inLanguage":"fr-FR","@id":"https:\/\/www.1055.fr\/belfort\/oktoberfest-au-10%c2%b755-rendez-vous-les-18-et-19-septembre\/#primaryimage","url":"https:\/\/www.1055.fr\/belfort\/contenu\/uploads\/2026\/09\/1055-oktoberfest-2026-v1-actu_608x435.jpg","contentUrl":"https:\/\/www.1055.fr\/belfort\/contenu\/uploads\/2026\/09\/1055-oktoberfest-2026-v1-actu_608x435.jpg","width":608,"height":435},{"@type":"BreadcrumbList","@id":"https:\/\/www.1055.fr\/belfort\/oktoberfest-au-10%c2%b755-rendez-vous-les-18-et-19-septembre\/#breadcrumb","itemListElement":[{"@type":"ListItem","position":1,"name":"Home","item":"https:\/\/www.1055.fr\/belfort\/"},{"@type":"ListItem","position":2,"name":"Oktoberfest au 10\u00b755 : rendez-vous les 18 et 19 septembre"}]},{"@type":"WebSite","@id":"https:\/\/www.1055.fr\/belfort\/#website","url":"https:\/\/www.1055.fr\/belfort\/","name":"1055 Belfort","description":"","potentialAction":[{"@type":"SearchAction","target":{"@type":"EntryPoint","urlTemplate":"https:\/\/www.1055.fr\/belfort\/?s={search_term_string}"},"query-input":{"@type":"PropertyValueSpecification","valueRequired":true,"valueName":"search_term_string"}}],"inLanguage":"fr-FR"},{"@type":"Person","@id":"https:\/\/www.1055.fr\/belfort\/#\/schema\/person\/4bc468827b4a4e7a46b318b07b0c6819","name":"mathilde","image":{"@type":"ImageObject","inLanguage":"fr-FR","@id":"https:\/\/www.1055.fr\/belfort\/#\/schema\/person\/image\/","url":"https:\/\/secure.gravatar.com\/avatar\/bd39ea9857c674d14eda60343ebefb724ae659c0d1381cac47fa7ba116747432?s=96&d=mm&r=g","contentUrl":"https:\/\/secure.gravatar.com\/avatar\/bd39ea9857c674d14eda60343ebefb724ae659c0d1381cac47fa7ba116747432?s=96&d=mm&r=g","caption":"mathilde"},"url":"https:\/\/www.1055.fr\/belfort\/author\/mathilde\/"}]}},"_links":{"self":[{"href":"https:\/\/www.1055.fr\/belfort\/wp-json\/wp\/v2\/posts\/11276","targetHints":{"allow":["GET"]}}],"collection":[{"href":"https:\/\/www.1055.fr\/belfort\/wp-json\/wp\/v2\/posts"}],"about":[{"href":"https:\/\/www.1055.fr\/belfort\/wp-json\/wp\/v2\/types\/post"}],"author":[{"embeddable":true,"href":"https:\/\/www.1055.fr\/belfort\/wp-json\/wp\/v2\/users\/10"}],"replies":[{"embeddable":true,"href":"https:\/\/www.1055.fr\/belfort\/wp-json\/wp\/v2\/comments?post=11276"}],"version-history":[{"count":2,"href":"https:\/\/www.1055.fr\/belfort\/wp-json\/wp\/v2\/posts\/11276\/revisions"}],"predecessor-version":[{"id":11288,"href":"https:\/\/www.1055.fr\/belfort\/wp-json\/wp\/v2\/posts\/11276\/revisions\/11288"}],"wp:featuredmedia":[{"embeddable":true,"href":"https:\/\/www.1055.fr\/belfort\/wp-json\/wp\/v2\/media\/11284"}],"wp:attachment":[{"href":"https:\/\/www.1055.fr\/belfort\/wp-json\/wp\/v2\/media?parent=11276"}],"wp:term":[{"taxonomy":"category","embeddable":true,"href":"https:\/\/www.1055.fr\/belfort\/wp-json\/wp\/v2\/categories?post=11276"},{"taxonomy":"post_tag","embeddable":true,"href":"https:\/\/www.1055.fr\/belfort\/wp-json\/wp\/v2\/tags?post=11276"}],"curies":[{"name":"wp","href":"https:\/\/api.w.org\/{rel}","templated":true}]}}