{"id":10802,"date":"2025-12-05T16:53:32","date_gmt":"2025-12-05T15:53:32","guid":{"rendered":"https:\/\/www.1055.fr\/belfort\/?p=10802"},"modified":"2025-12-06T08:16:51","modified_gmt":"2025-12-06T07:16:51","slug":"nouvel-an-reveillon-du-31-decembre-a-belfort-bessoncourt-au-10%c2%b755","status":"publish","type":"post","link":"https:\/\/www.1055.fr\/belfort\/nouvel-an-reveillon-du-31-decembre-a-belfort-bessoncourt-au-10%c2%b755\/","title":{"rendered":"Nouvel an, r\u00e9veillon du 31 d\u00e9cembre \u00e0 Belfort Bessoncourt au 10\u00b755"},"content":{"rendered":"\n<p>Vous cherchez une id\u00e9e originale pour c\u00e9l\u00e9brer le Nouvel An \u00e0 Bessoncourt, tout pr\u00e8s de Belfort ? Le <strong>10\u00b755 vous ouvre ses portes pour une soir\u00e9e exceptionnelle<\/strong> et uniquement sur r\u00e9servation. Attention : <strong>places limit\u00e9es<\/strong>, uniquement sur <strong>r\u00e9servation et paiement en avance<\/strong>.<\/p>\n\n\n\n<figure class=\"wp-block-image size-full\"><img decoding=\"async\" src=\"https:\/\/www.1055.fr\/besancon\/contenu\/uploads\/2025\/10\/Petite-Banniere-NouvelAn.jpg\" alt=\"petite banni\u00e8re nouvel an \" class=\"wp-image-6787\"\/><\/figure>\n\n\n\n<div class=\"wp-block-buttons is-content-justification-center is-layout-flex wp-container-core-buttons-is-layout-16018d1d wp-block-buttons-is-layout-flex\">\n<div class=\"wp-block-button has-custom-width wp-block-button__width-50\"><a class=\"wp-block-button__link has-black-color has-vivid-red-background-color has-text-color has-background has-link-color has-custom-font-size wp-element-button\" href=\"https:\/\/cloud.groupe.1055.fr\/particuliers-contactez-nous\" style=\"font-size:17px\">R\u00e9servez votre nouvel an <\/a><\/div>\n<\/div>\n\n\n\n<h3 class=\"wp-block-heading\" id=\"h-la-soiree-du-nouvel-an-tout-compris\">La soir\u00e9e du Nouvel an tout compris <\/h3>\n\n\n\n<p>Le 31 d\u00e9cembre, plongez dans l\u2019univers du <strong>10\u00b755 de Belfort Bessoncourt<\/strong>, un complexe de loisirs hors du commun, pour une soir\u00e9e de Nouvel An <strong>cl\u00e9 en main<\/strong>. Ce qui vous attend :<\/p>\n\n\n\n<ul class=\"wp-block-list\">\n<li><strong>Tous les jeux \u00e0 volont\u00e9<\/strong> : Bowling, pixel, laser game, karaok\u00e9, salles de Quizz\u2026 Faites le plein de fun en illimit\u00e9 !<\/li>\n\n\n\n<li><strong>Cocktail de bienvenue<\/strong> offert \u00e0 votre arriv\u00e9e<\/li>\n\n\n\n<li><strong>Menu complet<\/strong> : entr\u00e9e, plat, dessert<\/li>\n\n\n\n<li><strong>Animations festives<\/strong> : magicien, caricaturiste, DJ\u2026 pour une ambiance garantie jusqu\u2019au bout de la nuit<\/li>\n\n\n\n<li><strong>Pour les enfants<\/strong> : un <strong>menu enfant<\/strong> adapt\u00e9 + <strong>boum g\u00e9ante au Kid Park<\/strong>, sp\u00e9cialement con\u00e7ue pour eux<\/li>\n<\/ul>\n\n\n\n<div class=\"wp-block-columns is-not-stacked-on-mobile is-layout-flex wp-container-core-columns-is-layout-9d6595d7 wp-block-columns-is-layout-flex\">\n<div class=\"wp-block-column is-layout-flow wp-block-column-is-layout-flow\">\n<figure class=\"wp-block-image size-large\"><img decoding=\"async\" src=\"https:\/\/www.1055.fr\/besancon\/contenu\/uploads\/2025\/10\/BOUM-DES-ENFANTS-02-1024x683.jpg\" alt=\"nouvel an 1\" class=\"wp-image-6790\"\/><\/figure>\n<\/div>\n\n\n\n<div class=\"wp-block-column is-layout-flow wp-block-column-is-layout-flow\">\n<figure class=\"wp-block-image size-large\"><img decoding=\"async\" src=\"https:\/\/www.1055.fr\/besancon\/contenu\/uploads\/2025\/10\/BOUM-DES-ENFANTS-09-1024x683.jpg\" alt=\"nouvel an 2\" class=\"wp-image-6793\"\/><\/figure>\n<\/div>\n<\/div>\n\n\n\n<h3 class=\"wp-block-heading\" id=\"h-reservation\">R\u00e9servation <\/h3>\n\n\n\n<p>Le Nouvel An au 10\u00b755 est une soir\u00e9e m\u00e9morable privatis\u00e9e, accessible <strong>uniquement sur r\u00e9servation<\/strong> via notre formulaire de contact et paiement en avance. Les places sont limit\u00e9es.<\/p>\n\n\n\n<ul class=\"wp-block-list\">\n<li><strong>89\u20ac <\/strong>par <strong>adulte<\/strong><\/li>\n\n\n\n<li><strong>45\u20ac <\/strong>par <strong>enfant<\/strong><\/li>\n<\/ul>\n\n\n\n<h3 class=\"wp-block-heading has-text-align-left\" id=\"h-menu-special-nouvel-an-au-10-55\"> Menu sp\u00e9cial Nouvel An au 10.55 <\/h3>\n\n\n\n<p>Le 10.55 vous propose un menu unique pour c\u00e9l\u00e9brer le Nouvel An : des plats festifs, des produits de qualit\u00e9 et une ambiance conviviale pour commencer l\u2019ann\u00e9e en beaut\u00e9. R\u00e9servez d\u00e8s maintenant pour votre soir\u00e9e du 31 !<\/p>\n\n\n\n<p class=\"has-text-align-center\"><strong><em>Les amuses bouches<\/em><\/strong><br>pain perdu au foie gras et confit d&rsquo;oignon \u2022 cuill\u00e8re de magret de canard au ch\u00e8vre et \u00e9clats de noisettes, crumble au parmesan \u2022 mini macaron \u00e0 la truite fum\u00e9e et sa cr\u00e8me fraicheur \u2022 bouch\u00e9e d&rsquo;escargot&nbsp;<\/p>\n\n\n\n<p class=\"has-text-align-center\"><strong><em>L&rsquo;entr\u00e9e&nbsp;<\/em><\/strong><br>Vol-au-vent aux \u00e9crevisses&nbsp;<\/p>\n\n\n\n<p class=\"has-text-align-center\"><strong><em>Le plat&nbsp;<\/em><\/strong><br>Cuisse de canard confite, sauce girolles et morilles, accompagn\u00e9e d&rsquo;un millefeuille de pommes de terre au parmesan et ses petits l\u00e9gumes&nbsp;<\/p>\n\n\n\n<p class=\"has-text-align-center\"><strong><em>Le dessert&nbsp;<\/em><\/strong><\/p>\n\n\n\n<p class=\"has-text-align-center\">L&rsquo;atelier des p\u00e2tissiers \u00e0 la vanille, noisettes pralin\u00e9es et tuile au s\u00e9same&nbsp;<\/p>\n\n\n\n<p class=\"has-text-align-center\"><em>Menu enfant disponible<\/em><\/p>\n\n\n\n<div class=\"wp-block-buttons is-content-justification-center is-layout-flex wp-container-core-buttons-is-layout-16018d1d wp-block-buttons-is-layout-flex\">\n<div class=\"wp-block-button has-custom-width wp-block-button__width-50\"><a class=\"wp-block-button__link has-black-color has-vivid-red-background-color has-text-color has-background has-link-color has-custom-font-size wp-element-button\" href=\"https:\/\/cloud.groupe.1055.fr\/particuliers-contactez-nous\" style=\"font-size:17px\"><strong>R\u00e9servez votre nouvel an<\/strong><\/a><\/div>\n<\/div>\n\n\n\n<h3 class=\"wp-block-heading\" id=\"h-pourquoi-feter-le-nouvel-an-au-10-55-de-besancon\">Pourquoi f\u00eater le Nouvel An au 10\u00b755 de Belfort ?<\/h3>\n\n\n\n<ul class=\"wp-block-list\">\n<li>Une soir\u00e9e <strong>cl\u00e9 en main<\/strong>, sans stress d\u2019organisation<\/li>\n\n\n\n<li>Une ambiance <strong>conviviale, festive et familiale<\/strong><\/li>\n\n\n\n<li>Un cadre original pour c\u00e9l\u00e9brer la nouvelle ann\u00e9e autrement<\/li>\n\n\n\n<li>Des activit\u00e9s pour <strong>tous les \u00e2ges<\/strong><\/li>\n<\/ul>\n\n\n\n<h3 class=\"wp-block-heading\" id=\"h-reservez-vite-votre-soiree-du-nouvel-an-nous-avons-hate-de-le-feter-ensemble\">R\u00e9servez vite votre soir\u00e9e du Nouvel an, nous avons h\u00e2te de le f\u00eater ensemble !!<\/h3>\n","protected":false},"excerpt":{"rendered":"<p>Vous cherchez une id\u00e9e originale pour c\u00e9l\u00e9brer le Nouvel An \u00e0 Bessoncourt, tout pr\u00e8s de Belfort ? Le 10\u00b755 vous &hellip;<\/p>\n","protected":false},"author":10,"featured_media":10803,"comment_status":"closed","ping_status":"closed","sticky":false,"template":"","format":"standard","meta":{"_acf_changed":false,"footnotes":""},"categories":[1],"tags":[],"class_list":["post-10802","post","type-post","status-publish","format-standard","has-post-thumbnail","hentry","category-actualites"],"acf":[],"yoast_head":"<!-- This site is optimized with the Yoast SEO plugin v25.4 - https:\/\/yoast.com\/wordpress\/plugins\/seo\/ -->\n<title>F\u00eatez la nouvelle ann\u00e9e au 10\u00b755 \u00e0 Belfort<\/title>\n<meta name=\"description\" content=\"Une soir\u00e9e privatis\u00e9e sur r\u00e9servation, avec repas de f\u00eates, jeux indoor \u00e0 volont\u00e9, animations (magie, DJ ...)\" \/>\n<meta name=\"robots\" content=\"index, follow, max-snippet:-1, max-image-preview:large, max-video-preview:-1\" \/>\n<link rel=\"canonical\" href=\"https:\/\/www.1055.fr\/belfort\/nouvel-an-reveillon-du-31-decembre-a-belfort-bessoncourt-au-10\u00b755\/\" \/>\n<meta property=\"og:locale\" content=\"fr_FR\" \/>\n<meta property=\"og:type\" content=\"article\" \/>\n<meta property=\"og:title\" content=\"F\u00eatez la nouvelle ann\u00e9e au 10\u00b755 \u00e0 Belfort\" \/>\n<meta property=\"og:description\" content=\"Une soir\u00e9e privatis\u00e9e sur r\u00e9servation, avec repas de f\u00eates, jeux indoor \u00e0 volont\u00e9, animations (magie, DJ ...)\" \/>\n<meta property=\"og:url\" content=\"https:\/\/www.1055.fr\/belfort\/nouvel-an-reveillon-du-31-decembre-a-belfort-bessoncourt-au-10\u00b755\/\" \/>\n<meta property=\"og:site_name\" content=\"1055 Belfort\" \/>\n<meta property=\"article:published_time\" content=\"2025-12-05T15:53:32+00:00\" \/>\n<meta property=\"article:modified_time\" content=\"2025-12-06T07:16:51+00:00\" \/>\n<meta property=\"og:image\" content=\"https:\/\/www.1055.fr\/belfort\/contenu\/uploads\/2025\/12\/Actu-NouvelAn.jpg\" \/>\n\t<meta property=\"og:image:width\" content=\"608\" \/>\n\t<meta property=\"og:image:height\" content=\"436\" \/>\n\t<meta property=\"og:image:type\" content=\"image\/jpeg\" \/>\n<meta name=\"author\" content=\"mathilde\" \/>\n<meta name=\"twitter:card\" content=\"summary_large_image\" \/>\n<meta name=\"twitter:label1\" content=\"\u00c9crit par\" \/>\n\t<meta name=\"twitter:data1\" content=\"mathilde\" \/>\n\t<meta name=\"twitter:label2\" content=\"Dur\u00e9e de lecture estim\u00e9e\" \/>\n\t<meta name=\"twitter:data2\" content=\"3 minutes\" \/>\n<script type=\"application\/ld+json\" class=\"yoast-schema-graph\">{\"@context\":\"https:\/\/schema.org\",\"@graph\":[{\"@type\":\"WebPage\",\"@id\":\"https:\/\/www.1055.fr\/belfort\/nouvel-an-reveillon-du-31-decembre-a-belfort-bessoncourt-au-10%c2%b755\/\",\"url\":\"https:\/\/www.1055.fr\/belfort\/nouvel-an-reveillon-du-31-decembre-a-belfort-bessoncourt-au-10%c2%b755\/\",\"name\":\"F\u00eatez la nouvelle ann\u00e9e au 10\u00b755 \u00e0 Belfort\",\"isPartOf\":{\"@id\":\"https:\/\/www.1055.fr\/belfort\/#website\"},\"primaryImageOfPage\":{\"@id\":\"https:\/\/www.1055.fr\/belfort\/nouvel-an-reveillon-du-31-decembre-a-belfort-bessoncourt-au-10%c2%b755\/#primaryimage\"},\"image\":{\"@id\":\"https:\/\/www.1055.fr\/belfort\/nouvel-an-reveillon-du-31-decembre-a-belfort-bessoncourt-au-10%c2%b755\/#primaryimage\"},\"thumbnailUrl\":\"https:\/\/www.1055.fr\/belfort\/contenu\/uploads\/2025\/12\/Actu-NouvelAn.jpg\",\"datePublished\":\"2025-12-05T15:53:32+00:00\",\"dateModified\":\"2025-12-06T07:16:51+00:00\",\"author\":{\"@id\":\"https:\/\/www.1055.fr\/belfort\/#\/schema\/person\/4bc468827b4a4e7a46b318b07b0c6819\"},\"description\":\"Une soir\u00e9e privatis\u00e9e sur r\u00e9servation, avec repas de f\u00eates, jeux indoor \u00e0 volont\u00e9, animations (magie, DJ ...)\",\"breadcrumb\":{\"@id\":\"https:\/\/www.1055.fr\/belfort\/nouvel-an-reveillon-du-31-decembre-a-belfort-bessoncourt-au-10%c2%b755\/#breadcrumb\"},\"inLanguage\":\"fr-FR\",\"potentialAction\":[{\"@type\":\"ReadAction\",\"target\":[\"https:\/\/www.1055.fr\/belfort\/nouvel-an-reveillon-du-31-decembre-a-belfort-bessoncourt-au-10%c2%b755\/\"]}]},{\"@type\":\"ImageObject\",\"inLanguage\":\"fr-FR\",\"@id\":\"https:\/\/www.1055.fr\/belfort\/nouvel-an-reveillon-du-31-decembre-a-belfort-bessoncourt-au-10%c2%b755\/#primaryimage\",\"url\":\"https:\/\/www.1055.fr\/belfort\/contenu\/uploads\/2025\/12\/Actu-NouvelAn.jpg\",\"contentUrl\":\"https:\/\/www.1055.fr\/belfort\/contenu\/uploads\/2025\/12\/Actu-NouvelAn.jpg\",\"width\":608,\"height\":436},{\"@type\":\"BreadcrumbList\",\"@id\":\"https:\/\/www.1055.fr\/belfort\/nouvel-an-reveillon-du-31-decembre-a-belfort-bessoncourt-au-10%c2%b755\/#breadcrumb\",\"itemListElement\":[{\"@type\":\"ListItem\",\"position\":1,\"name\":\"Home\",\"item\":\"https:\/\/www.1055.fr\/belfort\/\"},{\"@type\":\"ListItem\",\"position\":2,\"name\":\"Nouvel an, r\u00e9veillon du 31 d\u00e9cembre \u00e0 Belfort Bessoncourt au 10\u00b755\"}]},{\"@type\":\"WebSite\",\"@id\":\"https:\/\/www.1055.fr\/belfort\/#website\",\"url\":\"https:\/\/www.1055.fr\/belfort\/\",\"name\":\"1055 Belfort\",\"description\":\"\",\"potentialAction\":[{\"@type\":\"SearchAction\",\"target\":{\"@type\":\"EntryPoint\",\"urlTemplate\":\"https:\/\/www.1055.fr\/belfort\/?s={search_term_string}\"},\"query-input\":{\"@type\":\"PropertyValueSpecification\",\"valueRequired\":true,\"valueName\":\"search_term_string\"}}],\"inLanguage\":\"fr-FR\"},{\"@type\":\"Person\",\"@id\":\"https:\/\/www.1055.fr\/belfort\/#\/schema\/person\/4bc468827b4a4e7a46b318b07b0c6819\",\"name\":\"mathilde\",\"image\":{\"@type\":\"ImageObject\",\"inLanguage\":\"fr-FR\",\"@id\":\"https:\/\/www.1055.fr\/belfort\/#\/schema\/person\/image\/\",\"url\":\"https:\/\/secure.gravatar.com\/avatar\/bd39ea9857c674d14eda60343ebefb724ae659c0d1381cac47fa7ba116747432?s=96&d=mm&r=g\",\"contentUrl\":\"https:\/\/secure.gravatar.com\/avatar\/bd39ea9857c674d14eda60343ebefb724ae659c0d1381cac47fa7ba116747432?s=96&d=mm&r=g\",\"caption\":\"mathilde\"},\"url\":\"https:\/\/www.1055.fr\/belfort\/author\/mathilde\/\"}]}<\/script>\n<!-- \/ Yoast SEO plugin. -->","yoast_head_json":{"title":"F\u00eatez la nouvelle ann\u00e9e au 10\u00b755 \u00e0 Belfort","description":"Une soir\u00e9e privatis\u00e9e sur r\u00e9servation, avec repas de f\u00eates, jeux indoor \u00e0 volont\u00e9, animations (magie, DJ ...)","robots":{"index":"index","follow":"follow","max-snippet":"max-snippet:-1","max-image-preview":"max-image-preview:large","max-video-preview":"max-video-preview:-1"},"canonical":"https:\/\/www.1055.fr\/belfort\/nouvel-an-reveillon-du-31-decembre-a-belfort-bessoncourt-au-10\u00b755\/","og_locale":"fr_FR","og_type":"article","og_title":"F\u00eatez la nouvelle ann\u00e9e au 10\u00b755 \u00e0 Belfort","og_description":"Une soir\u00e9e privatis\u00e9e sur r\u00e9servation, avec repas de f\u00eates, jeux indoor \u00e0 volont\u00e9, animations (magie, DJ ...)","og_url":"https:\/\/www.1055.fr\/belfort\/nouvel-an-reveillon-du-31-decembre-a-belfort-bessoncourt-au-10\u00b755\/","og_site_name":"1055 Belfort","article_published_time":"2025-12-05T15:53:32+00:00","article_modified_time":"2025-12-06T07:16:51+00:00","og_image":[{"width":608,"height":436,"url":"https:\/\/www.1055.fr\/belfort\/contenu\/uploads\/2025\/12\/Actu-NouvelAn.jpg","type":"image\/jpeg"}],"author":"mathilde","twitter_card":"summary_large_image","twitter_misc":{"\u00c9crit par":"mathilde","Dur\u00e9e de lecture estim\u00e9e":"3 minutes"},"schema":{"@context":"https:\/\/schema.org","@graph":[{"@type":"WebPage","@id":"https:\/\/www.1055.fr\/belfort\/nouvel-an-reveillon-du-31-decembre-a-belfort-bessoncourt-au-10%c2%b755\/","url":"https:\/\/www.1055.fr\/belfort\/nouvel-an-reveillon-du-31-decembre-a-belfort-bessoncourt-au-10%c2%b755\/","name":"F\u00eatez la nouvelle ann\u00e9e au 10\u00b755 \u00e0 Belfort","isPartOf":{"@id":"https:\/\/www.1055.fr\/belfort\/#website"},"primaryImageOfPage":{"@id":"https:\/\/www.1055.fr\/belfort\/nouvel-an-reveillon-du-31-decembre-a-belfort-bessoncourt-au-10%c2%b755\/#primaryimage"},"image":{"@id":"https:\/\/www.1055.fr\/belfort\/nouvel-an-reveillon-du-31-decembre-a-belfort-bessoncourt-au-10%c2%b755\/#primaryimage"},"thumbnailUrl":"https:\/\/www.1055.fr\/belfort\/contenu\/uploads\/2025\/12\/Actu-NouvelAn.jpg","datePublished":"2025-12-05T15:53:32+00:00","dateModified":"2025-12-06T07:16:51+00:00","author":{"@id":"https:\/\/www.1055.fr\/belfort\/#\/schema\/person\/4bc468827b4a4e7a46b318b07b0c6819"},"description":"Une soir\u00e9e privatis\u00e9e sur r\u00e9servation, avec repas de f\u00eates, jeux indoor \u00e0 volont\u00e9, animations (magie, DJ ...)","breadcrumb":{"@id":"https:\/\/www.1055.fr\/belfort\/nouvel-an-reveillon-du-31-decembre-a-belfort-bessoncourt-au-10%c2%b755\/#breadcrumb"},"inLanguage":"fr-FR","potentialAction":[{"@type":"ReadAction","target":["https:\/\/www.1055.fr\/belfort\/nouvel-an-reveillon-du-31-decembre-a-belfort-bessoncourt-au-10%c2%b755\/"]}]},{"@type":"ImageObject","inLanguage":"fr-FR","@id":"https:\/\/www.1055.fr\/belfort\/nouvel-an-reveillon-du-31-decembre-a-belfort-bessoncourt-au-10%c2%b755\/#primaryimage","url":"https:\/\/www.1055.fr\/belfort\/contenu\/uploads\/2025\/12\/Actu-NouvelAn.jpg","contentUrl":"https:\/\/www.1055.fr\/belfort\/contenu\/uploads\/2025\/12\/Actu-NouvelAn.jpg","width":608,"height":436},{"@type":"BreadcrumbList","@id":"https:\/\/www.1055.fr\/belfort\/nouvel-an-reveillon-du-31-decembre-a-belfort-bessoncourt-au-10%c2%b755\/#breadcrumb","itemListElement":[{"@type":"ListItem","position":1,"name":"Home","item":"https:\/\/www.1055.fr\/belfort\/"},{"@type":"ListItem","position":2,"name":"Nouvel an, r\u00e9veillon du 31 d\u00e9cembre \u00e0 Belfort Bessoncourt au 10\u00b755"}]},{"@type":"WebSite","@id":"https:\/\/www.1055.fr\/belfort\/#website","url":"https:\/\/www.1055.fr\/belfort\/","name":"1055 Belfort","description":"","potentialAction":[{"@type":"SearchAction","target":{"@type":"EntryPoint","urlTemplate":"https:\/\/www.1055.fr\/belfort\/?s={search_term_string}"},"query-input":{"@type":"PropertyValueSpecification","valueRequired":true,"valueName":"search_term_string"}}],"inLanguage":"fr-FR"},{"@type":"Person","@id":"https:\/\/www.1055.fr\/belfort\/#\/schema\/person\/4bc468827b4a4e7a46b318b07b0c6819","name":"mathilde","image":{"@type":"ImageObject","inLanguage":"fr-FR","@id":"https:\/\/www.1055.fr\/belfort\/#\/schema\/person\/image\/","url":"https:\/\/secure.gravatar.com\/avatar\/bd39ea9857c674d14eda60343ebefb724ae659c0d1381cac47fa7ba116747432?s=96&d=mm&r=g","contentUrl":"https:\/\/secure.gravatar.com\/avatar\/bd39ea9857c674d14eda60343ebefb724ae659c0d1381cac47fa7ba116747432?s=96&d=mm&r=g","caption":"mathilde"},"url":"https:\/\/www.1055.fr\/belfort\/author\/mathilde\/"}]}},"_links":{"self":[{"href":"https:\/\/www.1055.fr\/belfort\/wp-json\/wp\/v2\/posts\/10802","targetHints":{"allow":["GET"]}}],"collection":[{"href":"https:\/\/www.1055.fr\/belfort\/wp-json\/wp\/v2\/posts"}],"about":[{"href":"https:\/\/www.1055.fr\/belfort\/wp-json\/wp\/v2\/types\/post"}],"author":[{"embeddable":true,"href":"https:\/\/www.1055.fr\/belfort\/wp-json\/wp\/v2\/users\/10"}],"replies":[{"embeddable":true,"href":"https:\/\/www.1055.fr\/belfort\/wp-json\/wp\/v2\/comments?post=10802"}],"version-history":[{"count":2,"href":"https:\/\/www.1055.fr\/belfort\/wp-json\/wp\/v2\/posts\/10802\/revisions"}],"predecessor-version":[{"id":10809,"href":"https:\/\/www.1055.fr\/belfort\/wp-json\/wp\/v2\/posts\/10802\/revisions\/10809"}],"wp:featuredmedia":[{"embeddable":true,"href":"https:\/\/www.1055.fr\/belfort\/wp-json\/wp\/v2\/media\/10803"}],"wp:attachment":[{"href":"https:\/\/www.1055.fr\/belfort\/wp-json\/wp\/v2\/media?parent=10802"}],"wp:term":[{"taxonomy":"category","embeddable":true,"href":"https:\/\/www.1055.fr\/belfort\/wp-json\/wp\/v2\/categories?post=10802"},{"taxonomy":"post_tag","embeddable":true,"href":"https:\/\/www.1055.fr\/belfort\/wp-json\/wp\/v2\/tags?post=10802"}],"curies":[{"name":"wp","href":"https:\/\/api.w.org\/{rel}","templated":true}]}}