{"id":10770,"date":"2025-12-05T09:40:24","date_gmt":"2025-12-05T08:40:24","guid":{"rendered":"https:\/\/www.1055.fr\/belfort\/?p=10770"},"modified":"2025-12-06T08:15:13","modified_gmt":"2025-12-06T07:15:13","slug":"le-10%c2%b755-belfort-ouvre-enfin-ses-portes-rendez-vous-le-5-decembre-a-18h-%f0%9f%9a%80","status":"publish","type":"post","link":"https:\/\/www.1055.fr\/belfort\/le-10%c2%b755-belfort-ouvre-enfin-ses-portes-rendez-vous-le-5-decembre-a-18h-%f0%9f%9a%80\/","title":{"rendered":"Le 10\u00b755 Belfort ouvre (enfin) ses portes : rendez-vous le 5 d\u00e9cembre \u00e0 18h ! \ud83d\ude80"},"content":{"rendered":"\n<figure class=\"wp-block-image size-large\"><img loading=\"lazy\" decoding=\"async\" width=\"1024\" height=\"343\" src=\"https:\/\/www.1055.fr\/belfort\/contenu\/uploads\/2025\/12\/Grande-banniere-1024x343.png\" alt=\"\" class=\"wp-image-10771\" srcset=\"https:\/\/www.1055.fr\/belfort\/contenu\/uploads\/2025\/12\/Grande-banniere-1024x343.png 1024w, https:\/\/www.1055.fr\/belfort\/contenu\/uploads\/2025\/12\/Grande-banniere-300x101.png 300w, https:\/\/www.1055.fr\/belfort\/contenu\/uploads\/2025\/12\/Grande-banniere-768x258.png 768w, https:\/\/www.1055.fr\/belfort\/contenu\/uploads\/2025\/12\/Grande-banniere-1536x515.png 1536w, https:\/\/www.1055.fr\/belfort\/contenu\/uploads\/2025\/12\/Grande-banniere-24x8.png 24w, https:\/\/www.1055.fr\/belfort\/contenu\/uploads\/2025\/12\/Grande-banniere-36x12.png 36w, https:\/\/www.1055.fr\/belfort\/contenu\/uploads\/2025\/12\/Grande-banniere-48x16.png 48w, https:\/\/www.1055.fr\/belfort\/contenu\/uploads\/2025\/12\/Grande-banniere.png 2001w\" sizes=\"auto, (max-width: 767px) 89vw, (max-width: 1000px) 54vw, (max-width: 1071px) 543px, 580px\" \/><\/figure>\n\n\n\n<p>L\u2019attente touche \u00e0 sa fin : <strong>le 10\u00b755 Belfort<\/strong> ouvre officiellement ses portes <strong>le 5 d\u00e9cembre \u00e0 18h<\/strong> !<br>Bowling, laser game, salles de quizz, lancer de haches, pixel, trampoline park, brasserie\u2026 votre nouveau complexe multi-loisirs vous accueille pour vivre une exp\u00e9rience unique, en famille, entre amis ou entre coll\u00e8gues.<\/p>\n\n\n\n<div class=\"wp-block-buttons is-vertical is-layout-flex wp-container-core-buttons-is-layout-8cf370e7 wp-block-buttons-is-layout-flex\">\n<div class=\"wp-block-button is-style-fill\"><a class=\"wp-block-button__link has-black-color has-luminous-vivid-orange-background-color has-text-color has-background has-link-color wp-element-button\" href=\"https:\/\/cagnotte-1055.c.obypay.com\/v-v6.4.2\/i-tr1pLGIMBe-1\/onboarding\">cr\u00e9er ma carte 10\u00b755<\/a><\/div>\n\n\n\n<div class=\"wp-block-button\"><a class=\"wp-block-button__link has-black-color has-vivid-purple-background-color has-text-color has-background has-link-color wp-element-button\" href=\"http:\/\/reservation-belfort.1055.fr\">R\u00e9server mes activit\u00e9s <\/a><\/div>\n\n\n\n<div class=\"wp-block-button\"><a class=\"wp-block-button__link has-black-color has-luminous-vivid-amber-background-color has-text-color has-background has-link-color wp-element-button\" href=\"https:\/\/www.1055.fr\/belfort\/activites\/\">Tout savoir sur les activit\u00e9s<\/a><\/div>\n<\/div>\n\n\n\n<hr class=\"wp-block-separator has-alpha-channel-opacity\"\/>\n\n\n\n<h2 class=\"wp-block-heading\"><strong>Pr\u00e9parez votre venue au 10\u00b755 Belfort : le guide pratique<\/strong><\/h2>\n\n\n\n<p>Pour profiter pleinement de votre premi\u00e8re visite, voici les trois \u00e9tapes essentielles \u00e0 suivre.<\/p>\n\n\n\n<h3 class=\"wp-block-heading\"><strong>1. Cr\u00e9ez votre carte 10\u00b755 gratuitement<\/strong><\/h3>\n\n\n\n<p>La carte 10\u00b755 est votre meilleur alli\u00e9 d\u00e8s l\u2019ouverture :<\/p>\n\n\n\n<ul class=\"wp-block-list\">\n<li>acc\u00e8s <strong>imm\u00e9diat aux tarifs r\u00e9duits<\/strong> et aux bons plans,<\/li>\n\n\n\n<li>gain de temps \u00e0 l\u2019arriv\u00e9e, plus besoin de s\u2019enregistrer sur place.<\/li>\n<\/ul>\n\n\n\n<p>\ud83d\udc49 <em><a href=\"https:\/\/cagnotte-1055.c.obypay.com\/v-v6.4.2\/i-tr1pLGIMBe-1\/onboarding\">Cr\u00e9er ma carte<\/a><\/em><\/p>\n\n\n\n<hr class=\"wp-block-separator has-alpha-channel-opacity\"\/>\n\n\n\n<h3 class=\"wp-block-heading\"><strong>2. R\u00e9servez vos activit\u00e9s en avance<\/strong><\/h3>\n\n\n\n<p>Assurez-vous une place dans nos activit\u00e9s les plus pris\u00e9es !<\/p>\n\n\n\n<ul class=\"wp-block-list\">\n<li>r\u00e9servation fortement recommand\u00e9e,<\/li>\n\n\n\n<li>paiement possible en <strong>CB<\/strong>, avec le <strong>cr\u00e9dit de votre carte 10\u00b755<\/strong> ou avec votre <strong>E-ticket<\/strong>.<\/li>\n<\/ul>\n\n\n\n<p><a href=\"http:\/\/reservation-belfort.1055.fr\">\ud83d\udc49 <em>R\u00e9server mes activit\u00e9s<\/em><\/a><\/p>\n\n\n\n<hr class=\"wp-block-separator has-alpha-channel-opacity\"\/>\n\n\n\n<h3 class=\"wp-block-heading\"><strong>3. R\u00e9servez votre table \u00e0 la Brasserie<\/strong><\/h3>\n\n\n\n<p>Envie de rythmer votre journ\u00e9e entre jeux et pauses gourmandes ?<\/p>\n\n\n\n<ul class=\"wp-block-list\">\n<li>r\u00e9servation conseill\u00e9e pour garantir votre table,<\/li>\n\n\n\n<li>id\u00e9al pour organiser une sortie fluide et sans attente.<\/li>\n<\/ul>\n\n\n\n<p>\ud83d\udc49 <em><a href=\"https:\/\/www.labrasserie-1055.fr\/reservation-table-restaurant\/belfort-bessoncourt\/\">R\u00e9server ma table<\/a><\/em><\/p>\n\n\n\n<hr class=\"wp-block-separator has-alpha-channel-opacity\"\/>\n\n\n\n<h2 class=\"wp-block-heading\"><strong>L\u2019essentiel \u00e0 retenir (bons plans, horaires, tips\u2026) \ud83d\udca1<\/strong><\/h2>\n\n\n\n<p>Pour une premi\u00e8re visite r\u00e9ussie :<\/p>\n\n\n\n<ul class=\"wp-block-list\">\n<li>\u2705 <strong>La r\u00e9servation est vivement conseill\u00e9e<\/strong>, aussi bien pour les jeux que pour la Brasserie.<\/li>\n\n\n\n<li>\u2705 Pour profiter des <strong>tarifs r\u00e9duits<\/strong>, cr\u00e9ez d\u00e8s maintenant votre carte 10\u00b755.<\/li>\n\n\n\n<li>\u2705 Le 10\u00b755 Belfort est ouvert<br><strong>de 10h \u00e0 minuit en semaine<\/strong>,<br><strong>et jusqu\u2019\u00e0 1h du matin les vendredis et samedis<\/strong>.<\/li>\n\n\n\n<li>\u2705 Le <strong>menu enfant est \u00e0 2\u20ac<\/strong> avec l\u2019achat d\u2019un <strong>Pass Or<\/strong> ou d\u2019une <strong>entr\u00e9e Kid Park<\/strong> + d\u2019un <strong>plat adulte<\/strong>.<br>(L\u2019offre fonctionne aussi avec les <strong>E-tickets<\/strong> !)<\/li>\n<\/ul>\n\n\n\n<hr class=\"wp-block-separator has-alpha-channel-opacity\"\/>\n\n\n\n<h2 class=\"wp-block-heading\"><strong>Pourquoi 10\u00b755 Belfort va devenir votre nouveau spot loisirs ?<\/strong><\/h2>\n\n\n\n<p>Avec plus d\u2019une dizaine d\u2019activit\u00e9s indoor, une atmosph\u00e8re conviviale et une brasserie g\u00e9n\u00e9reuse, le 10\u00b755 propose un lieu moderne, chaleureux et accessible \u00e0 tous.<br>Que ce soit pour un anniversaire, une sortie en famille, un afterwork, un team building ou un simple moment de d\u00e9tente, le complexe a \u00e9t\u00e9 pens\u00e9 pour que chacun trouve son bonheur.<\/p>\n\n\n\n<hr class=\"wp-block-separator has-alpha-channel-opacity\"\/>\n\n\n\n<h2 class=\"wp-block-heading\"><strong>Pr\u00eats pour l\u2019ouverture ?<\/strong><\/h2>\n\n\n\n<p>Le compte \u00e0 rebours est lanc\u00e9\u2026 <strong>Rendez-vous le 5 d\u00e9cembre \u00e0 18h<\/strong> pour d\u00e9couvrir votre nouveau complexe loisirs !<br>En attendant, pensez \u00e0 cr\u00e9er votre carte et \u00e0 r\u00e9server vos activit\u00e9s pour profiter au mieux de cette grande ouverture.<\/p>\n\n\n\n<figure class=\"wp-block-embed is-type-video is-provider-youtube wp-block-embed-youtube wp-embed-aspect-9-16 wp-has-aspect-ratio\"><div class=\"wp-block-embed__wrapper\">\n<iframe loading=\"lazy\" title=\"Nouvelle ouverture 10\u00b755 Belfort !\" width=\"443\" height=\"788\" src=\"https:\/\/www.youtube.com\/embed\/QU46DxrzW2Q?feature=oembed\" frameborder=\"0\" allow=\"accelerometer; autoplay; clipboard-write; encrypted-media; gyroscope; picture-in-picture; web-share\" referrerpolicy=\"strict-origin-when-cross-origin\" allowfullscreen><\/iframe>\n<\/div><\/figure>\n","protected":false},"excerpt":{"rendered":"<p>L\u2019attente touche \u00e0 sa fin : le 10\u00b755 Belfort ouvre officiellement ses portes le 5 d\u00e9cembre \u00e0 18h !Bowling, laser &hellip;<\/p>\n","protected":false},"author":10,"featured_media":10775,"comment_status":"closed","ping_status":"closed","sticky":false,"template":"","format":"standard","meta":{"_acf_changed":false,"footnotes":""},"categories":[1],"tags":[],"class_list":["post-10770","post","type-post","status-publish","format-standard","has-post-thumbnail","hentry","category-actualites"],"acf":[],"yoast_head":"<!-- This site is optimized with the Yoast SEO plugin v25.4 - https:\/\/yoast.com\/wordpress\/plugins\/seo\/ -->\n<title>10\u00b755 Belfort | ouvert ! 05 dec. 18h<\/title>\n<meta name=\"description\" content=\"L&#039;ouverture temps attendue du 10\u00b755 de Belfort est enfin l\u00e0 ! D\u00e9couvrez toutes les infos pratiques !\" \/>\n<meta name=\"robots\" content=\"index, follow, max-snippet:-1, max-image-preview:large, max-video-preview:-1\" \/>\n<link rel=\"canonical\" href=\"https:\/\/www.1055.fr\/belfort\/le-10\u00b755-belfort-ouvre-enfin-ses-portes-rendez-vous-le-5-decembre-a-18h-\ud83d\ude80\/\" \/>\n<meta property=\"og:locale\" content=\"fr_FR\" \/>\n<meta property=\"og:type\" content=\"article\" \/>\n<meta property=\"og:title\" content=\"10\u00b755 Belfort | ouvert ! 05 dec. 18h\" \/>\n<meta property=\"og:description\" content=\"L&#039;ouverture temps attendue du 10\u00b755 de Belfort est enfin l\u00e0 ! D\u00e9couvrez toutes les infos pratiques !\" \/>\n<meta property=\"og:url\" content=\"https:\/\/www.1055.fr\/belfort\/le-10\u00b755-belfort-ouvre-enfin-ses-portes-rendez-vous-le-5-decembre-a-18h-\ud83d\ude80\/\" \/>\n<meta property=\"og:site_name\" content=\"1055 Belfort\" \/>\n<meta property=\"article:published_time\" content=\"2025-12-05T08:40:24+00:00\" \/>\n<meta property=\"article:modified_time\" content=\"2025-12-06T07:15:13+00:00\" \/>\n<meta property=\"og:image\" content=\"https:\/\/www.1055.fr\/belfort\/contenu\/uploads\/2025\/12\/article.png\" \/>\n\t<meta property=\"og:image:width\" content=\"635\" \/>\n\t<meta property=\"og:image:height\" content=\"408\" \/>\n\t<meta property=\"og:image:type\" content=\"image\/png\" \/>\n<meta name=\"author\" content=\"mathilde\" \/>\n<meta name=\"twitter:card\" content=\"summary_large_image\" \/>\n<meta name=\"twitter:label1\" content=\"\u00c9crit par\" \/>\n\t<meta name=\"twitter:data1\" content=\"mathilde\" \/>\n\t<meta name=\"twitter:label2\" content=\"Dur\u00e9e de lecture estim\u00e9e\" \/>\n\t<meta name=\"twitter:data2\" content=\"3 minutes\" \/>\n<script type=\"application\/ld+json\" class=\"yoast-schema-graph\">{\"@context\":\"https:\/\/schema.org\",\"@graph\":[{\"@type\":\"WebPage\",\"@id\":\"https:\/\/www.1055.fr\/belfort\/le-10%c2%b755-belfort-ouvre-enfin-ses-portes-rendez-vous-le-5-decembre-a-18h-%f0%9f%9a%80\/\",\"url\":\"https:\/\/www.1055.fr\/belfort\/le-10%c2%b755-belfort-ouvre-enfin-ses-portes-rendez-vous-le-5-decembre-a-18h-%f0%9f%9a%80\/\",\"name\":\"10\u00b755 Belfort | ouvert ! 05 dec. 18h\",\"isPartOf\":{\"@id\":\"https:\/\/www.1055.fr\/belfort\/#website\"},\"primaryImageOfPage\":{\"@id\":\"https:\/\/www.1055.fr\/belfort\/le-10%c2%b755-belfort-ouvre-enfin-ses-portes-rendez-vous-le-5-decembre-a-18h-%f0%9f%9a%80\/#primaryimage\"},\"image\":{\"@id\":\"https:\/\/www.1055.fr\/belfort\/le-10%c2%b755-belfort-ouvre-enfin-ses-portes-rendez-vous-le-5-decembre-a-18h-%f0%9f%9a%80\/#primaryimage\"},\"thumbnailUrl\":\"https:\/\/www.1055.fr\/belfort\/contenu\/uploads\/2025\/12\/article.png\",\"datePublished\":\"2025-12-05T08:40:24+00:00\",\"dateModified\":\"2025-12-06T07:15:13+00:00\",\"author\":{\"@id\":\"https:\/\/www.1055.fr\/belfort\/#\/schema\/person\/4bc468827b4a4e7a46b318b07b0c6819\"},\"description\":\"L'ouverture temps attendue du 10\u00b755 de Belfort est enfin l\u00e0 ! D\u00e9couvrez toutes les infos pratiques !\",\"breadcrumb\":{\"@id\":\"https:\/\/www.1055.fr\/belfort\/le-10%c2%b755-belfort-ouvre-enfin-ses-portes-rendez-vous-le-5-decembre-a-18h-%f0%9f%9a%80\/#breadcrumb\"},\"inLanguage\":\"fr-FR\",\"potentialAction\":[{\"@type\":\"ReadAction\",\"target\":[\"https:\/\/www.1055.fr\/belfort\/le-10%c2%b755-belfort-ouvre-enfin-ses-portes-rendez-vous-le-5-decembre-a-18h-%f0%9f%9a%80\/\"]}]},{\"@type\":\"ImageObject\",\"inLanguage\":\"fr-FR\",\"@id\":\"https:\/\/www.1055.fr\/belfort\/le-10%c2%b755-belfort-ouvre-enfin-ses-portes-rendez-vous-le-5-decembre-a-18h-%f0%9f%9a%80\/#primaryimage\",\"url\":\"https:\/\/www.1055.fr\/belfort\/contenu\/uploads\/2025\/12\/article.png\",\"contentUrl\":\"https:\/\/www.1055.fr\/belfort\/contenu\/uploads\/2025\/12\/article.png\",\"width\":635,\"height\":408},{\"@type\":\"BreadcrumbList\",\"@id\":\"https:\/\/www.1055.fr\/belfort\/le-10%c2%b755-belfort-ouvre-enfin-ses-portes-rendez-vous-le-5-decembre-a-18h-%f0%9f%9a%80\/#breadcrumb\",\"itemListElement\":[{\"@type\":\"ListItem\",\"position\":1,\"name\":\"Home\",\"item\":\"https:\/\/www.1055.fr\/belfort\/\"},{\"@type\":\"ListItem\",\"position\":2,\"name\":\"Le 10\u00b755 Belfort ouvre (enfin) ses portes : rendez-vous le 5 d\u00e9cembre \u00e0 18h ! \ud83d\ude80\"}]},{\"@type\":\"WebSite\",\"@id\":\"https:\/\/www.1055.fr\/belfort\/#website\",\"url\":\"https:\/\/www.1055.fr\/belfort\/\",\"name\":\"1055 Belfort\",\"description\":\"\",\"potentialAction\":[{\"@type\":\"SearchAction\",\"target\":{\"@type\":\"EntryPoint\",\"urlTemplate\":\"https:\/\/www.1055.fr\/belfort\/?s={search_term_string}\"},\"query-input\":{\"@type\":\"PropertyValueSpecification\",\"valueRequired\":true,\"valueName\":\"search_term_string\"}}],\"inLanguage\":\"fr-FR\"},{\"@type\":\"Person\",\"@id\":\"https:\/\/www.1055.fr\/belfort\/#\/schema\/person\/4bc468827b4a4e7a46b318b07b0c6819\",\"name\":\"mathilde\",\"image\":{\"@type\":\"ImageObject\",\"inLanguage\":\"fr-FR\",\"@id\":\"https:\/\/www.1055.fr\/belfort\/#\/schema\/person\/image\/\",\"url\":\"https:\/\/secure.gravatar.com\/avatar\/bd39ea9857c674d14eda60343ebefb724ae659c0d1381cac47fa7ba116747432?s=96&d=mm&r=g\",\"contentUrl\":\"https:\/\/secure.gravatar.com\/avatar\/bd39ea9857c674d14eda60343ebefb724ae659c0d1381cac47fa7ba116747432?s=96&d=mm&r=g\",\"caption\":\"mathilde\"},\"url\":\"https:\/\/www.1055.fr\/belfort\/author\/mathilde\/\"}]}<\/script>\n<!-- \/ Yoast SEO plugin. -->","yoast_head_json":{"title":"10\u00b755 Belfort | ouvert ! 05 dec. 18h","description":"L'ouverture temps attendue du 10\u00b755 de Belfort est enfin l\u00e0 ! D\u00e9couvrez toutes les infos pratiques !","robots":{"index":"index","follow":"follow","max-snippet":"max-snippet:-1","max-image-preview":"max-image-preview:large","max-video-preview":"max-video-preview:-1"},"canonical":"https:\/\/www.1055.fr\/belfort\/le-10\u00b755-belfort-ouvre-enfin-ses-portes-rendez-vous-le-5-decembre-a-18h-\ud83d\ude80\/","og_locale":"fr_FR","og_type":"article","og_title":"10\u00b755 Belfort | ouvert ! 05 dec. 18h","og_description":"L'ouverture temps attendue du 10\u00b755 de Belfort est enfin l\u00e0 ! D\u00e9couvrez toutes les infos pratiques !","og_url":"https:\/\/www.1055.fr\/belfort\/le-10\u00b755-belfort-ouvre-enfin-ses-portes-rendez-vous-le-5-decembre-a-18h-\ud83d\ude80\/","og_site_name":"1055 Belfort","article_published_time":"2025-12-05T08:40:24+00:00","article_modified_time":"2025-12-06T07:15:13+00:00","og_image":[{"width":635,"height":408,"url":"https:\/\/www.1055.fr\/belfort\/contenu\/uploads\/2025\/12\/article.png","type":"image\/png"}],"author":"mathilde","twitter_card":"summary_large_image","twitter_misc":{"\u00c9crit par":"mathilde","Dur\u00e9e de lecture estim\u00e9e":"3 minutes"},"schema":{"@context":"https:\/\/schema.org","@graph":[{"@type":"WebPage","@id":"https:\/\/www.1055.fr\/belfort\/le-10%c2%b755-belfort-ouvre-enfin-ses-portes-rendez-vous-le-5-decembre-a-18h-%f0%9f%9a%80\/","url":"https:\/\/www.1055.fr\/belfort\/le-10%c2%b755-belfort-ouvre-enfin-ses-portes-rendez-vous-le-5-decembre-a-18h-%f0%9f%9a%80\/","name":"10\u00b755 Belfort | ouvert ! 05 dec. 18h","isPartOf":{"@id":"https:\/\/www.1055.fr\/belfort\/#website"},"primaryImageOfPage":{"@id":"https:\/\/www.1055.fr\/belfort\/le-10%c2%b755-belfort-ouvre-enfin-ses-portes-rendez-vous-le-5-decembre-a-18h-%f0%9f%9a%80\/#primaryimage"},"image":{"@id":"https:\/\/www.1055.fr\/belfort\/le-10%c2%b755-belfort-ouvre-enfin-ses-portes-rendez-vous-le-5-decembre-a-18h-%f0%9f%9a%80\/#primaryimage"},"thumbnailUrl":"https:\/\/www.1055.fr\/belfort\/contenu\/uploads\/2025\/12\/article.png","datePublished":"2025-12-05T08:40:24+00:00","dateModified":"2025-12-06T07:15:13+00:00","author":{"@id":"https:\/\/www.1055.fr\/belfort\/#\/schema\/person\/4bc468827b4a4e7a46b318b07b0c6819"},"description":"L'ouverture temps attendue du 10\u00b755 de Belfort est enfin l\u00e0 ! D\u00e9couvrez toutes les infos pratiques !","breadcrumb":{"@id":"https:\/\/www.1055.fr\/belfort\/le-10%c2%b755-belfort-ouvre-enfin-ses-portes-rendez-vous-le-5-decembre-a-18h-%f0%9f%9a%80\/#breadcrumb"},"inLanguage":"fr-FR","potentialAction":[{"@type":"ReadAction","target":["https:\/\/www.1055.fr\/belfort\/le-10%c2%b755-belfort-ouvre-enfin-ses-portes-rendez-vous-le-5-decembre-a-18h-%f0%9f%9a%80\/"]}]},{"@type":"ImageObject","inLanguage":"fr-FR","@id":"https:\/\/www.1055.fr\/belfort\/le-10%c2%b755-belfort-ouvre-enfin-ses-portes-rendez-vous-le-5-decembre-a-18h-%f0%9f%9a%80\/#primaryimage","url":"https:\/\/www.1055.fr\/belfort\/contenu\/uploads\/2025\/12\/article.png","contentUrl":"https:\/\/www.1055.fr\/belfort\/contenu\/uploads\/2025\/12\/article.png","width":635,"height":408},{"@type":"BreadcrumbList","@id":"https:\/\/www.1055.fr\/belfort\/le-10%c2%b755-belfort-ouvre-enfin-ses-portes-rendez-vous-le-5-decembre-a-18h-%f0%9f%9a%80\/#breadcrumb","itemListElement":[{"@type":"ListItem","position":1,"name":"Home","item":"https:\/\/www.1055.fr\/belfort\/"},{"@type":"ListItem","position":2,"name":"Le 10\u00b755 Belfort ouvre (enfin) ses portes : rendez-vous le 5 d\u00e9cembre \u00e0 18h ! \ud83d\ude80"}]},{"@type":"WebSite","@id":"https:\/\/www.1055.fr\/belfort\/#website","url":"https:\/\/www.1055.fr\/belfort\/","name":"1055 Belfort","description":"","potentialAction":[{"@type":"SearchAction","target":{"@type":"EntryPoint","urlTemplate":"https:\/\/www.1055.fr\/belfort\/?s={search_term_string}"},"query-input":{"@type":"PropertyValueSpecification","valueRequired":true,"valueName":"search_term_string"}}],"inLanguage":"fr-FR"},{"@type":"Person","@id":"https:\/\/www.1055.fr\/belfort\/#\/schema\/person\/4bc468827b4a4e7a46b318b07b0c6819","name":"mathilde","image":{"@type":"ImageObject","inLanguage":"fr-FR","@id":"https:\/\/www.1055.fr\/belfort\/#\/schema\/person\/image\/","url":"https:\/\/secure.gravatar.com\/avatar\/bd39ea9857c674d14eda60343ebefb724ae659c0d1381cac47fa7ba116747432?s=96&d=mm&r=g","contentUrl":"https:\/\/secure.gravatar.com\/avatar\/bd39ea9857c674d14eda60343ebefb724ae659c0d1381cac47fa7ba116747432?s=96&d=mm&r=g","caption":"mathilde"},"url":"https:\/\/www.1055.fr\/belfort\/author\/mathilde\/"}]}},"_links":{"self":[{"href":"https:\/\/www.1055.fr\/belfort\/wp-json\/wp\/v2\/posts\/10770","targetHints":{"allow":["GET"]}}],"collection":[{"href":"https:\/\/www.1055.fr\/belfort\/wp-json\/wp\/v2\/posts"}],"about":[{"href":"https:\/\/www.1055.fr\/belfort\/wp-json\/wp\/v2\/types\/post"}],"author":[{"embeddable":true,"href":"https:\/\/www.1055.fr\/belfort\/wp-json\/wp\/v2\/users\/10"}],"replies":[{"embeddable":true,"href":"https:\/\/www.1055.fr\/belfort\/wp-json\/wp\/v2\/comments?post=10770"}],"version-history":[{"count":2,"href":"https:\/\/www.1055.fr\/belfort\/wp-json\/wp\/v2\/posts\/10770\/revisions"}],"predecessor-version":[{"id":10808,"href":"https:\/\/www.1055.fr\/belfort\/wp-json\/wp\/v2\/posts\/10770\/revisions\/10808"}],"wp:featuredmedia":[{"embeddable":true,"href":"https:\/\/www.1055.fr\/belfort\/wp-json\/wp\/v2\/media\/10775"}],"wp:attachment":[{"href":"https:\/\/www.1055.fr\/belfort\/wp-json\/wp\/v2\/media?parent=10770"}],"wp:term":[{"taxonomy":"category","embeddable":true,"href":"https:\/\/www.1055.fr\/belfort\/wp-json\/wp\/v2\/categories?post=10770"},{"taxonomy":"post_tag","embeddable":true,"href":"https:\/\/www.1055.fr\/belfort\/wp-json\/wp\/v2\/tags?post=10770"}],"curies":[{"name":"wp","href":"https:\/\/api.w.org\/{rel}","templated":true}]}}